{"id":15934,"date":"2018-10-05T05:59:37","date_gmt":"2018-10-05T04:59:37","guid":{"rendered":"https:\/\/blogs.elcorreo.com\/inakicerrajeria\/?p=15934"},"modified":"2018-10-05T05:59:37","modified_gmt":"2018-10-05T04:59:37","slug":"vitoria-estudia-un-proyecto-de-centro-expositivo-de-la-marca-mercedes-en-goya","status":"publish","type":"post","link":"https:\/\/blogs.elcorreo.com\/inakicerrajeria\/2018\/10\/05\/vitoria-estudia-un-proyecto-de-centro-expositivo-de-la-marca-mercedes-en-goya\/","title":{"rendered":"Vitoria estudia un proyecto de centro expositivo de la marca Mercedes en Goya"},"content":{"rendered":"<p><span style=\"color: #008000;\"><strong>ARABA<\/strong><\/span><\/p>\n<p>&nbsp;<\/p>\n<p>Mercedes-Benz ha elaborado un proyecto para la apertura de un centro expositivo sobre la marca y sobre su implicaci\u00f3n a lo largo de las \u00faltimas seis d\u00e9cadas en la ciudad. La propuesta suscita serias objeciones t\u00e9cnicas pero reabre el debate sobre el uso de la gasolinera, que lleva cinco a\u00f1os cerrada.<\/p>\n<!-- AddThis Advanced Settings generic via filter on the_content --><!-- AddThis Share Buttons generic via filter on the_content -->","protected":false},"excerpt":{"rendered":"<p>ARABA &nbsp; Mercedes-Benz ha elaborado un proyecto para la apertura de un centro expositivo sobre la marca y sobre su implicaci\u00f3n a lo largo de las \u00faltimas seis d\u00e9cadas en la ciudad. La propuesta suscita serias objeciones t\u00e9cnicas pero reabre el debate sobre el uso de la gasolinera, que lleva cinco a\u00f1os cerrada.<!-- AddThis Advanced Settings generic via filter on get_the_excerpt --><!-- AddThis Share Buttons generic via filter on get_the_excerpt --><\/p>\n","protected":false},"author":41,"featured_media":15935,"comment_status":"open","ping_status":"closed","sticky":false,"template":"","format":"standard","meta":[],"categories":[16],"tags":[2551,3376,3464,4582,5750],"_links":{"self":[{"href":"https:\/\/blogs.elcorreo.com\/inakicerrajeria\/wp-json\/wp\/v2\/posts\/15934"}],"collection":[{"href":"https:\/\/blogs.elcorreo.com\/inakicerrajeria\/wp-json\/wp\/v2\/posts"}],"about":[{"href":"https:\/\/blogs.elcorreo.com\/inakicerrajeria\/wp-json\/wp\/v2\/types\/post"}],"author":[{"embeddable":true,"href":"https:\/\/blogs.elcorreo.com\/inakicerrajeria\/wp-json\/wp\/v2\/users\/41"}],"replies":[{"embeddable":true,"href":"https:\/\/blogs.elcorreo.com\/inakicerrajeria\/wp-json\/wp\/v2\/comments?post=15934"}],"version-history":[{"count":1,"href":"https:\/\/blogs.elcorreo.com\/inakicerrajeria\/wp-json\/wp\/v2\/posts\/15934\/revisions"}],"predecessor-version":[{"id":15936,"href":"https:\/\/blogs.elcorreo.com\/inakicerrajeria\/wp-json\/wp\/v2\/posts\/15934\/revisions\/15936"}],"wp:featuredmedia":[{"embeddable":true,"href":"https:\/\/blogs.elcorreo.com\/inakicerrajeria\/wp-json\/wp\/v2\/media\/15935"}],"wp:attachment":[{"href":"https:\/\/blogs.elcorreo.com\/inakicerrajeria\/wp-json\/wp\/v2\/media?parent=15934"}],"wp:term":[{"taxonomy":"category","embeddable":true,"href":"https:\/\/blogs.elcorreo.com\/inakicerrajeria\/wp-json\/wp\/v2\/categories?post=15934"},{"taxonomy":"post_tag","embeddable":true,"href":"https:\/\/blogs.elcorreo.com\/inakicerrajeria\/wp-json\/wp\/v2\/tags?post=15934"}],"curies":[{"name":"wp","href":"https:\/\/api.w.org\/{rel}","templated":true}]}}