{"id":15884,"date":"2018-10-02T08:39:23","date_gmt":"2018-10-02T07:39:23","guid":{"rendered":"https:\/\/blogs.elcorreo.com\/inakicerrajeria\/?p=15884"},"modified":"2018-10-02T10:49:21","modified_gmt":"2018-10-02T09:49:21","slug":"la-aplicacion-movil-de-la-ota-permitira-pagar-en-80-ciudades-y-60-parkings","status":"publish","type":"post","link":"https:\/\/blogs.elcorreo.com\/inakicerrajeria\/2018\/10\/02\/la-aplicacion-movil-de-la-ota-permitira-pagar-en-80-ciudades-y-60-parkings\/","title":{"rendered":"La aplicaci\u00f3n m\u00f3vil de la OTA permitir\u00e1 pagar en 80 ciudades y 60 parkings"},"content":{"rendered":"<p><span style=\"color: #008000;\"><strong>ARABA<\/strong><\/span><\/p>\n<p>Los conductores vitorianos llevar\u00e1n un parqu\u00edmetro en el m\u00f3vil que les permitir\u00e1 pagar la zona azul de forma virtual no solo en la capital alavesa, sino en 80 ciudades de Espa\u00f1a y Portugal. Adem\u00e1s, tambi\u00e9n podr\u00e1n utilizar la misma aplicaci\u00f3n para acceder de forma autom\u00e1tica a 61 parkings de la cadena Empark, varios de ellos situados en Bilbao, San Sebasti\u00e1n y Pamplona.<\/p>\n<!-- AddThis Advanced Settings generic via filter on the_content --><!-- AddThis Share Buttons generic via filter on the_content -->","protected":false},"excerpt":{"rendered":"<p>ARABA Los conductores vitorianos llevar\u00e1n un parqu\u00edmetro en el m\u00f3vil que les permitir\u00e1 pagar la zona azul de forma virtual no solo en la capital alavesa, sino en 80 ciudades de Espa\u00f1a y Portugal. Adem\u00e1s, tambi\u00e9n podr\u00e1n utilizar la misma aplicaci\u00f3n para acceder de forma autom\u00e1tica a 61 parkings de la cadena Empark, varios de [&hellip;]<!-- AddThis Advanced Settings generic via filter on get_the_excerpt --><!-- AddThis Share Buttons generic via filter on get_the_excerpt --><\/p>\n","protected":false},"author":41,"featured_media":15885,"comment_status":"open","ping_status":"closed","sticky":false,"template":"","format":"standard","meta":[],"categories":[16],"tags":[480,8545,498,5069,5165],"_links":{"self":[{"href":"https:\/\/blogs.elcorreo.com\/inakicerrajeria\/wp-json\/wp\/v2\/posts\/15884"}],"collection":[{"href":"https:\/\/blogs.elcorreo.com\/inakicerrajeria\/wp-json\/wp\/v2\/posts"}],"about":[{"href":"https:\/\/blogs.elcorreo.com\/inakicerrajeria\/wp-json\/wp\/v2\/types\/post"}],"author":[{"embeddable":true,"href":"https:\/\/blogs.elcorreo.com\/inakicerrajeria\/wp-json\/wp\/v2\/users\/41"}],"replies":[{"embeddable":true,"href":"https:\/\/blogs.elcorreo.com\/inakicerrajeria\/wp-json\/wp\/v2\/comments?post=15884"}],"version-history":[{"count":2,"href":"https:\/\/blogs.elcorreo.com\/inakicerrajeria\/wp-json\/wp\/v2\/posts\/15884\/revisions"}],"predecessor-version":[{"id":15919,"href":"https:\/\/blogs.elcorreo.com\/inakicerrajeria\/wp-json\/wp\/v2\/posts\/15884\/revisions\/15919"}],"wp:featuredmedia":[{"embeddable":true,"href":"https:\/\/blogs.elcorreo.com\/inakicerrajeria\/wp-json\/wp\/v2\/media\/15885"}],"wp:attachment":[{"href":"https:\/\/blogs.elcorreo.com\/inakicerrajeria\/wp-json\/wp\/v2\/media?parent=15884"}],"wp:term":[{"taxonomy":"category","embeddable":true,"href":"https:\/\/blogs.elcorreo.com\/inakicerrajeria\/wp-json\/wp\/v2\/categories?post=15884"},{"taxonomy":"post_tag","embeddable":true,"href":"https:\/\/blogs.elcorreo.com\/inakicerrajeria\/wp-json\/wp\/v2\/tags?post=15884"}],"curies":[{"name":"wp","href":"https:\/\/api.w.org\/{rel}","templated":true}]}}