{"id":15869,"date":"2018-10-01T09:37:18","date_gmt":"2018-10-01T08:37:18","guid":{"rendered":"https:\/\/blogs.elcorreo.com\/inakicerrajeria\/?p=15869"},"modified":"2018-10-01T09:37:18","modified_gmt":"2018-10-01T08:37:18","slug":"los-arquitectos-celebran-el-dia-mundial-de-su-profesion-con-visitas-guiadas-a-dos-iglesias","status":"publish","type":"post","link":"https:\/\/blogs.elcorreo.com\/inakicerrajeria\/2018\/10\/01\/los-arquitectos-celebran-el-dia-mundial-de-su-profesion-con-visitas-guiadas-a-dos-iglesias\/","title":{"rendered":"Los arquitectos celebran el d\u00eda mundial de su profesi\u00f3n con visitas guiadas a dos iglesias"},"content":{"rendered":"<p><span style=\"color: #008000;\"><strong>ARABA<\/strong><\/span><\/p>\n<p>&nbsp;<\/p>\n<p>Este lunes 1 de octubre, a propuesta de la Uni\u00f3n Internacional de Arquitectos, se celebra el D\u00eda Mundial de la Arquitectura y desde la delegaci\u00f3n en \u00c1lava del colegio de profesionales vasco-navarro han organizado para esta semana unas visitas guiadas a dos de los templos m\u00e1s representativos del movimiento moderno en Vitoria, la iglesia de Los \u00c1ngeles, de Javier Carvajal y Jos\u00e9 Mar\u00eda Garc\u00eda de Paredes, y la de Coronaci\u00f3n, de Miguel Fisac.<\/p>\n<!-- AddThis Advanced Settings generic via filter on the_content --><!-- AddThis Share Buttons generic via filter on the_content -->","protected":false},"excerpt":{"rendered":"<p>ARABA &nbsp; Este lunes 1 de octubre, a propuesta de la Uni\u00f3n Internacional de Arquitectos, se celebra el D\u00eda Mundial de la Arquitectura y desde la delegaci\u00f3n en \u00c1lava del colegio de profesionales vasco-navarro han organizado para esta semana unas visitas guiadas a dos de los templos m\u00e1s representativos del movimiento moderno en Vitoria, la [&hellip;]<!-- AddThis Advanced Settings generic via filter on get_the_excerpt --><!-- AddThis Share Buttons generic via filter on get_the_excerpt --><\/p>\n","protected":false},"author":41,"featured_media":15870,"comment_status":"open","ping_status":"closed","sticky":false,"template":"","format":"standard","meta":[],"categories":[16],"tags":[8541,8542,8543],"_links":{"self":[{"href":"https:\/\/blogs.elcorreo.com\/inakicerrajeria\/wp-json\/wp\/v2\/posts\/15869"}],"collection":[{"href":"https:\/\/blogs.elcorreo.com\/inakicerrajeria\/wp-json\/wp\/v2\/posts"}],"about":[{"href":"https:\/\/blogs.elcorreo.com\/inakicerrajeria\/wp-json\/wp\/v2\/types\/post"}],"author":[{"embeddable":true,"href":"https:\/\/blogs.elcorreo.com\/inakicerrajeria\/wp-json\/wp\/v2\/users\/41"}],"replies":[{"embeddable":true,"href":"https:\/\/blogs.elcorreo.com\/inakicerrajeria\/wp-json\/wp\/v2\/comments?post=15869"}],"version-history":[{"count":1,"href":"https:\/\/blogs.elcorreo.com\/inakicerrajeria\/wp-json\/wp\/v2\/posts\/15869\/revisions"}],"predecessor-version":[{"id":15871,"href":"https:\/\/blogs.elcorreo.com\/inakicerrajeria\/wp-json\/wp\/v2\/posts\/15869\/revisions\/15871"}],"wp:featuredmedia":[{"embeddable":true,"href":"https:\/\/blogs.elcorreo.com\/inakicerrajeria\/wp-json\/wp\/v2\/media\/15870"}],"wp:attachment":[{"href":"https:\/\/blogs.elcorreo.com\/inakicerrajeria\/wp-json\/wp\/v2\/media?parent=15869"}],"wp:term":[{"taxonomy":"category","embeddable":true,"href":"https:\/\/blogs.elcorreo.com\/inakicerrajeria\/wp-json\/wp\/v2\/categories?post=15869"},{"taxonomy":"post_tag","embeddable":true,"href":"https:\/\/blogs.elcorreo.com\/inakicerrajeria\/wp-json\/wp\/v2\/tags?post=15869"}],"curies":[{"name":"wp","href":"https:\/\/api.w.org\/{rel}","templated":true}]}}