{"id":1567,"date":"2010-10-05T09:03:00","date_gmt":"2010-10-05T09:03:00","guid":{"rendered":"http:\/\/blogs.elcorreo.com\/inakicerrajeria\/?p=1566"},"modified":"2010-10-05T09:03:00","modified_gmt":"2010-10-05T09:03:00","slug":"la-nueva-comisaria-la-policia-nacional-estara-terminada","status":"publish","type":"post","link":"https:\/\/blogs.elcorreo.com\/inakicerrajeria\/2010\/10\/05\/la-nueva-comisaria-la-policia-nacional-estara-terminada\/","title":{"rendered":"La nueva comisar\u00eda de la Polic\u00eda Nacional no estar\u00e1 terminada hasta marzo de 2011"},"content":{"rendered":"<p><span style=\"color:#3333ff\">Miranda<br \/>\n<\/span><IMG src=\"\/inakicerrajeria\/files\/mir5-10-10blog.jpg\" id=\"img_0\" class=\"imgizqda\" width=\"599\" height=\"137\"><br \/>\nEl proyecto sobre el que pivota la consolidaci\u00f3n de la plantilla de la  Polic\u00eda Nacional en Miranda tendr\u00e1 que esperar a\u00fan ocho meses m\u00e1s. La  nueva comisar\u00eda, que se construye en  la ampliaci\u00f3n del PR-1, junto al  camino de Anduva, quedar\u00e1 terminada previsiblemente en marzo del pr\u00f3ximo  a\u00f1o, aunque no ser\u00e1 hasta junio cuando pueda ser ocupada, ya que se  calcula que se necesitar\u00e1n al menos tres meses para completar su  equipamiento.  <A href=\"http:\/\/www.elcorreo.com\/alava\/v\/20101005\/miranda\/nueva-comisaria-policia-nacional-20101005.html\" title=\"http:\/\/www.elcorreo.com\/alava\/v\/20101005\/miranda\/nueva-comisaria-policia-nacional-20101005.html\" id=\"link_0\">(+info)<\/a> <\/p>\n<!-- AddThis Advanced Settings generic via filter on the_content --><!-- AddThis Share Buttons generic via filter on the_content -->","protected":false},"excerpt":{"rendered":"<p>Miranda El proyecto sobre el que pivota la consolidaci\u00f3n de la plantilla de la Polic\u00eda Nacional en Miranda tendr\u00e1 que esperar a\u00fan ocho meses m\u00e1s. La nueva comisar\u00eda, que se construye en la ampliaci\u00f3n del PR-1, junto al camino de Anduva, quedar\u00e1 terminada previsiblemente en marzo del pr\u00f3ximo a\u00f1o, aunque no ser\u00e1 hasta junio cuando [&hellip;]<!-- AddThis Advanced Settings generic via filter on get_the_excerpt --><!-- AddThis Share Buttons generic via filter on get_the_excerpt --><\/p>\n","protected":false},"author":41,"featured_media":0,"comment_status":"open","ping_status":"closed","sticky":false,"template":"","format":"standard","meta":[],"categories":[18],"tags":[423,1726,2115,5523],"_links":{"self":[{"href":"https:\/\/blogs.elcorreo.com\/inakicerrajeria\/wp-json\/wp\/v2\/posts\/1567"}],"collection":[{"href":"https:\/\/blogs.elcorreo.com\/inakicerrajeria\/wp-json\/wp\/v2\/posts"}],"about":[{"href":"https:\/\/blogs.elcorreo.com\/inakicerrajeria\/wp-json\/wp\/v2\/types\/post"}],"author":[{"embeddable":true,"href":"https:\/\/blogs.elcorreo.com\/inakicerrajeria\/wp-json\/wp\/v2\/users\/41"}],"replies":[{"embeddable":true,"href":"https:\/\/blogs.elcorreo.com\/inakicerrajeria\/wp-json\/wp\/v2\/comments?post=1567"}],"version-history":[{"count":0,"href":"https:\/\/blogs.elcorreo.com\/inakicerrajeria\/wp-json\/wp\/v2\/posts\/1567\/revisions"}],"wp:attachment":[{"href":"https:\/\/blogs.elcorreo.com\/inakicerrajeria\/wp-json\/wp\/v2\/media?parent=1567"}],"wp:term":[{"taxonomy":"category","embeddable":true,"href":"https:\/\/blogs.elcorreo.com\/inakicerrajeria\/wp-json\/wp\/v2\/categories?post=1567"},{"taxonomy":"post_tag","embeddable":true,"href":"https:\/\/blogs.elcorreo.com\/inakicerrajeria\/wp-json\/wp\/v2\/tags?post=1567"}],"curies":[{"name":"wp","href":"https:\/\/api.w.org\/{rel}","templated":true}]}}