{"id":15417,"date":"2018-06-10T10:25:44","date_gmt":"2018-06-10T09:25:44","guid":{"rendered":"http:\/\/blogs.elcorreo.com\/inakicerrajeria\/?p=15417"},"modified":"2018-06-10T10:25:44","modified_gmt":"2018-06-10T09:25:44","slug":"por-que-los-vecinos-de-otxarkoaga-viven-seis-anos-menos-que-los-de-indautxu","status":"publish","type":"post","link":"https:\/\/blogs.elcorreo.com\/inakicerrajeria\/2018\/06\/10\/por-que-los-vecinos-de-otxarkoaga-viven-seis-anos-menos-que-los-de-indautxu\/","title":{"rendered":"\u00bfPor qu\u00e9 los vecinos de Otxarkoaga viven seis a\u00f1os menos que los de Indautxu?"},"content":{"rendered":"<p><span style=\"color: #ff0000;\"><strong>BIZKAIA<\/strong><\/span><\/p>\n<p><img loading=\"lazy\" class=\"alignnone size-large wp-image-15418\" src=\"\/\/blogs.elcorreo.com\/inakicerrajeria\/wp-content\/uploads\/sites\/29\/2018\/06\/biz10-06-18blog-1024x266.jpg\" alt=\"biz10-06-18blog\" width=\"1024\" height=\"266\" srcset=\"https:\/\/blogs.elcorreo.com\/inakicerrajeria\/wp-content\/uploads\/sites\/29\/2018\/06\/biz10-06-18blog-1024x266.jpg 1024w, https:\/\/blogs.elcorreo.com\/inakicerrajeria\/wp-content\/uploads\/sites\/29\/2018\/06\/biz10-06-18blog-300x78.jpg 300w, https:\/\/blogs.elcorreo.com\/inakicerrajeria\/wp-content\/uploads\/sites\/29\/2018\/06\/biz10-06-18blog-768x200.jpg 768w, https:\/\/blogs.elcorreo.com\/inakicerrajeria\/wp-content\/uploads\/sites\/29\/2018\/06\/biz10-06-18blog.jpg 1031w\" sizes=\"(max-width: 1024px) 100vw, 1024px\" \/><\/p>\n<p>Los expertos consultados por este peri\u00f3dico consideran que, al analizar por qu\u00e9 Bilbao sufre m\u00e1s desigualdades sociales, hay que tener en cuenta una confluencia de factores que van desde la distinta naturaleza en los procesos de industrializaci\u00f3n, hasta el modo en el que se sali\u00f3 de la crisis de los a\u00f1os 80, pasando por los fen\u00f3menos migratorios y los problemas de integraci\u00f3n en ciertos barrios.<\/p>\n<!-- AddThis Advanced Settings generic via filter on the_content --><!-- AddThis Share Buttons generic via filter on the_content -->","protected":false},"excerpt":{"rendered":"<p>BIZKAIA Los expertos consultados por este peri\u00f3dico consideran que, al analizar por qu\u00e9 Bilbao sufre m\u00e1s desigualdades sociales, hay que tener en cuenta una confluencia de factores que van desde la distinta naturaleza en los procesos de industrializaci\u00f3n, hasta el modo en el que se sali\u00f3 de la crisis de los a\u00f1os 80, pasando por [&hellip;]<!-- AddThis Advanced Settings generic via filter on get_the_excerpt --><!-- AddThis Share Buttons generic via filter on get_the_excerpt --><\/p>\n","protected":false},"author":41,"featured_media":0,"comment_status":"open","ping_status":"closed","sticky":false,"template":"","format":"standard","meta":[],"categories":[17],"tags":[866,947,2024,8346,8345,3913,8344,8343],"_links":{"self":[{"href":"https:\/\/blogs.elcorreo.com\/inakicerrajeria\/wp-json\/wp\/v2\/posts\/15417"}],"collection":[{"href":"https:\/\/blogs.elcorreo.com\/inakicerrajeria\/wp-json\/wp\/v2\/posts"}],"about":[{"href":"https:\/\/blogs.elcorreo.com\/inakicerrajeria\/wp-json\/wp\/v2\/types\/post"}],"author":[{"embeddable":true,"href":"https:\/\/blogs.elcorreo.com\/inakicerrajeria\/wp-json\/wp\/v2\/users\/41"}],"replies":[{"embeddable":true,"href":"https:\/\/blogs.elcorreo.com\/inakicerrajeria\/wp-json\/wp\/v2\/comments?post=15417"}],"version-history":[{"count":1,"href":"https:\/\/blogs.elcorreo.com\/inakicerrajeria\/wp-json\/wp\/v2\/posts\/15417\/revisions"}],"predecessor-version":[{"id":15419,"href":"https:\/\/blogs.elcorreo.com\/inakicerrajeria\/wp-json\/wp\/v2\/posts\/15417\/revisions\/15419"}],"wp:attachment":[{"href":"https:\/\/blogs.elcorreo.com\/inakicerrajeria\/wp-json\/wp\/v2\/media?parent=15417"}],"wp:term":[{"taxonomy":"category","embeddable":true,"href":"https:\/\/blogs.elcorreo.com\/inakicerrajeria\/wp-json\/wp\/v2\/categories?post=15417"},{"taxonomy":"post_tag","embeddable":true,"href":"https:\/\/blogs.elcorreo.com\/inakicerrajeria\/wp-json\/wp\/v2\/tags?post=15417"}],"curies":[{"name":"wp","href":"https:\/\/api.w.org\/{rel}","templated":true}]}}