{"id":15406,"date":"2018-06-07T13:34:16","date_gmt":"2018-06-07T12:34:16","guid":{"rendered":"http:\/\/blogs.elcorreo.com\/inakicerrajeria\/?p=15406"},"modified":"2018-06-07T13:34:16","modified_gmt":"2018-06-07T12:34:16","slug":"arranca-la-nueva-selectividad","status":"publish","type":"post","link":"https:\/\/blogs.elcorreo.com\/inakicerrajeria\/2018\/06\/07\/arranca-la-nueva-selectividad\/","title":{"rendered":"ARRANCA LA NUEVA SELECTIVIDAD"},"content":{"rendered":"<p><span style=\"color: #008000;\"><strong>ARABA<\/strong><\/span><\/p>\n<p><img loading=\"lazy\" class=\"alignnone size-large wp-image-15408\" src=\"\/\/blogs.elcorreo.com\/inakicerrajeria\/wp-content\/uploads\/sites\/29\/2018\/06\/07-06-18blog-1024x266.jpg\" alt=\"07-06-18blog\" width=\"1024\" height=\"266\" srcset=\"https:\/\/blogs.elcorreo.com\/inakicerrajeria\/wp-content\/uploads\/sites\/29\/2018\/06\/07-06-18blog-1024x266.jpg 1024w, https:\/\/blogs.elcorreo.com\/inakicerrajeria\/wp-content\/uploads\/sites\/29\/2018\/06\/07-06-18blog-300x78.jpg 300w, https:\/\/blogs.elcorreo.com\/inakicerrajeria\/wp-content\/uploads\/sites\/29\/2018\/06\/07-06-18blog-768x200.jpg 768w, https:\/\/blogs.elcorreo.com\/inakicerrajeria\/wp-content\/uploads\/sites\/29\/2018\/06\/07-06-18blog.jpg 1031w\" sizes=\"(max-width: 1024px) 100vw, 1024px\" \/><\/p>\n<h3>Melina Gil, alumna de Jes\u00fas Obrero, aprovechaba los bancos para desplegar sus apuntes una vez m\u00e1s. Ella fue uno de los estudiantes que, adem\u00e1s de enfrentarse a la nueva fase de Acceso, decidi\u00f3 probar suerte con los ex\u00e1menes espec\u00edficos. \u00abHistoria de Espa\u00f1a ya no nos pilla por sorpresa, pero quiero sacar buena nota para estudiar Integraci\u00f3n social. Me preocupa Filosof\u00eda\u00bb, explicaba.<\/h3>\n<!-- AddThis Advanced Settings generic via filter on the_content --><!-- AddThis Share Buttons generic via filter on the_content -->","protected":false},"excerpt":{"rendered":"<p>ARABA Melina Gil, alumna de Jes\u00fas Obrero, aprovechaba los bancos para desplegar sus apuntes una vez m\u00e1s. Ella fue uno de los estudiantes que, adem\u00e1s de enfrentarse a la nueva fase de Acceso, decidi\u00f3 probar suerte con los ex\u00e1menes espec\u00edficos. \u00abHistoria de Espa\u00f1a ya no nos pilla por sorpresa, pero quiero sacar buena nota para [&hellip;]<!-- AddThis Advanced Settings generic via filter on get_the_excerpt --><!-- AddThis Share Buttons generic via filter on get_the_excerpt --><\/p>\n","protected":false},"author":41,"featured_media":0,"comment_status":"open","ping_status":"closed","sticky":false,"template":"","format":"standard","meta":[],"categories":[16],"tags":[8339,359,1305,8338,3606,6389],"_links":{"self":[{"href":"https:\/\/blogs.elcorreo.com\/inakicerrajeria\/wp-json\/wp\/v2\/posts\/15406"}],"collection":[{"href":"https:\/\/blogs.elcorreo.com\/inakicerrajeria\/wp-json\/wp\/v2\/posts"}],"about":[{"href":"https:\/\/blogs.elcorreo.com\/inakicerrajeria\/wp-json\/wp\/v2\/types\/post"}],"author":[{"embeddable":true,"href":"https:\/\/blogs.elcorreo.com\/inakicerrajeria\/wp-json\/wp\/v2\/users\/41"}],"replies":[{"embeddable":true,"href":"https:\/\/blogs.elcorreo.com\/inakicerrajeria\/wp-json\/wp\/v2\/comments?post=15406"}],"version-history":[{"count":1,"href":"https:\/\/blogs.elcorreo.com\/inakicerrajeria\/wp-json\/wp\/v2\/posts\/15406\/revisions"}],"predecessor-version":[{"id":15409,"href":"https:\/\/blogs.elcorreo.com\/inakicerrajeria\/wp-json\/wp\/v2\/posts\/15406\/revisions\/15409"}],"wp:attachment":[{"href":"https:\/\/blogs.elcorreo.com\/inakicerrajeria\/wp-json\/wp\/v2\/media?parent=15406"}],"wp:term":[{"taxonomy":"category","embeddable":true,"href":"https:\/\/blogs.elcorreo.com\/inakicerrajeria\/wp-json\/wp\/v2\/categories?post=15406"},{"taxonomy":"post_tag","embeddable":true,"href":"https:\/\/blogs.elcorreo.com\/inakicerrajeria\/wp-json\/wp\/v2\/tags?post=15406"}],"curies":[{"name":"wp","href":"https:\/\/api.w.org\/{rel}","templated":true}]}}