{"id":15346,"date":"2018-05-25T11:37:44","date_gmt":"2018-05-25T10:37:44","guid":{"rendered":"http:\/\/blogs.elcorreo.com\/inakicerrajeria\/?p=15346"},"modified":"2018-05-25T11:37:44","modified_gmt":"2018-05-25T10:37:44","slug":"los-bicipolis-pedalean-de-nuevo","status":"publish","type":"post","link":"https:\/\/blogs.elcorreo.com\/inakicerrajeria\/2018\/05\/25\/los-bicipolis-pedalean-de-nuevo\/","title":{"rendered":"Los \u2018bicipolis\u2018 pedalean de nuevo"},"content":{"rendered":"<h3><span style=\"color: #008000;\"><strong>ARABA<\/strong><\/span><\/h3>\n<p><img loading=\"lazy\" class=\"alignnone size-large wp-image-15347\" src=\"\/\/blogs.elcorreo.com\/inakicerrajeria\/wp-content\/uploads\/sites\/29\/2018\/05\/25-05-18-1024x266.jpg\" alt=\"25-05-18\" width=\"1024\" height=\"266\" srcset=\"https:\/\/blogs.elcorreo.com\/inakicerrajeria\/wp-content\/uploads\/sites\/29\/2018\/05\/25-05-18-1024x266.jpg 1024w, https:\/\/blogs.elcorreo.com\/inakicerrajeria\/wp-content\/uploads\/sites\/29\/2018\/05\/25-05-18-300x78.jpg 300w, https:\/\/blogs.elcorreo.com\/inakicerrajeria\/wp-content\/uploads\/sites\/29\/2018\/05\/25-05-18-768x200.jpg 768w\" sizes=\"(max-width: 1024px) 100vw, 1024px\" \/><\/p>\n<h3>A partir del lunes y hasta finales de septiembre doce agentes locales, cuatro m\u00e1s que el a\u00f1o pasado, patrullar\u00e1n sobre dos ruedas<\/h3>\n<!-- AddThis Advanced Settings generic via filter on the_content --><!-- AddThis Share Buttons generic via filter on the_content -->","protected":false},"excerpt":{"rendered":"<p>ARABA A partir del lunes y hasta finales de septiembre doce agentes locales, cuatro m\u00e1s que el a\u00f1o pasado, patrullar\u00e1n sobre dos ruedas<!-- AddThis Advanced Settings generic via filter on get_the_excerpt --><!-- AddThis Share Buttons generic via filter on get_the_excerpt --><\/p>\n","protected":false},"author":41,"featured_media":0,"comment_status":"open","ping_status":"closed","sticky":false,"template":"","format":"standard","meta":[],"categories":[16],"tags":[8310,927,932,8311,7254],"_links":{"self":[{"href":"https:\/\/blogs.elcorreo.com\/inakicerrajeria\/wp-json\/wp\/v2\/posts\/15346"}],"collection":[{"href":"https:\/\/blogs.elcorreo.com\/inakicerrajeria\/wp-json\/wp\/v2\/posts"}],"about":[{"href":"https:\/\/blogs.elcorreo.com\/inakicerrajeria\/wp-json\/wp\/v2\/types\/post"}],"author":[{"embeddable":true,"href":"https:\/\/blogs.elcorreo.com\/inakicerrajeria\/wp-json\/wp\/v2\/users\/41"}],"replies":[{"embeddable":true,"href":"https:\/\/blogs.elcorreo.com\/inakicerrajeria\/wp-json\/wp\/v2\/comments?post=15346"}],"version-history":[{"count":1,"href":"https:\/\/blogs.elcorreo.com\/inakicerrajeria\/wp-json\/wp\/v2\/posts\/15346\/revisions"}],"predecessor-version":[{"id":15348,"href":"https:\/\/blogs.elcorreo.com\/inakicerrajeria\/wp-json\/wp\/v2\/posts\/15346\/revisions\/15348"}],"wp:attachment":[{"href":"https:\/\/blogs.elcorreo.com\/inakicerrajeria\/wp-json\/wp\/v2\/media?parent=15346"}],"wp:term":[{"taxonomy":"category","embeddable":true,"href":"https:\/\/blogs.elcorreo.com\/inakicerrajeria\/wp-json\/wp\/v2\/categories?post=15346"},{"taxonomy":"post_tag","embeddable":true,"href":"https:\/\/blogs.elcorreo.com\/inakicerrajeria\/wp-json\/wp\/v2\/tags?post=15346"}],"curies":[{"name":"wp","href":"https:\/\/api.w.org\/{rel}","templated":true}]}}