{"id":15330,"date":"2018-05-20T08:17:02","date_gmt":"2018-05-20T07:17:02","guid":{"rendered":"http:\/\/blogs.elcorreo.com\/inakicerrajeria\/?p=15330"},"modified":"2018-05-20T08:17:02","modified_gmt":"2018-05-20T07:17:02","slug":"un-broche-discreto-para-una-admirable-temporada","status":"publish","type":"post","link":"https:\/\/blogs.elcorreo.com\/inakicerrajeria\/2018\/05\/20\/un-broche-discreto-para-una-admirable-temporada\/","title":{"rendered":"Un broche discreto para una admirable temporada"},"content":{"rendered":"<p><span style=\"background-color: #ffffff; color: #ff0000;\"><strong>SEVILLA 1 &#8211; ALAV\u00c9S 0<\/strong><\/span><\/p>\n<p><img loading=\"lazy\" class=\"alignnone size-large wp-image-15331\" src=\"\/\/blogs.elcorreo.com\/inakicerrajeria\/wp-content\/uploads\/sites\/29\/2018\/05\/sevilla-alaves-20-05-18-1024x345.jpg\" alt=\"sevilla-alaves-20-05-18\" width=\"1024\" height=\"345\" srcset=\"https:\/\/blogs.elcorreo.com\/inakicerrajeria\/wp-content\/uploads\/sites\/29\/2018\/05\/sevilla-alaves-20-05-18-1024x345.jpg 1024w, https:\/\/blogs.elcorreo.com\/inakicerrajeria\/wp-content\/uploads\/sites\/29\/2018\/05\/sevilla-alaves-20-05-18-300x101.jpg 300w, https:\/\/blogs.elcorreo.com\/inakicerrajeria\/wp-content\/uploads\/sites\/29\/2018\/05\/sevilla-alaves-20-05-18-768x259.jpg 768w\" sizes=\"(max-width: 1024px) 100vw, 1024px\" \/><\/p>\n<h2>El Alav\u00e9s, plagado de suplentes habituales y con Pacheco en plan h\u00e9roe, se despide de una temporada marcada por una fant\u00e1stica recuperaci\u00f3n.<\/h2>\n<!-- AddThis Advanced Settings generic via filter on the_content --><!-- AddThis Share Buttons generic via filter on the_content -->","protected":false},"excerpt":{"rendered":"<p>SEVILLA 1 &#8211; ALAV\u00c9S 0 El Alav\u00e9s, plagado de suplentes habituales y con Pacheco en plan h\u00e9roe, se despide de una temporada marcada por una fant\u00e1stica recuperaci\u00f3n.<!-- AddThis Advanced Settings generic via filter on get_the_excerpt --><!-- AddThis Share Buttons generic via filter on get_the_excerpt --><\/p>\n","protected":false},"author":41,"featured_media":0,"comment_status":"open","ping_status":"closed","sticky":false,"template":"","format":"standard","meta":[],"categories":[11],"tags":[7931,2732,5946,6751],"_links":{"self":[{"href":"https:\/\/blogs.elcorreo.com\/inakicerrajeria\/wp-json\/wp\/v2\/posts\/15330"}],"collection":[{"href":"https:\/\/blogs.elcorreo.com\/inakicerrajeria\/wp-json\/wp\/v2\/posts"}],"about":[{"href":"https:\/\/blogs.elcorreo.com\/inakicerrajeria\/wp-json\/wp\/v2\/types\/post"}],"author":[{"embeddable":true,"href":"https:\/\/blogs.elcorreo.com\/inakicerrajeria\/wp-json\/wp\/v2\/users\/41"}],"replies":[{"embeddable":true,"href":"https:\/\/blogs.elcorreo.com\/inakicerrajeria\/wp-json\/wp\/v2\/comments?post=15330"}],"version-history":[{"count":1,"href":"https:\/\/blogs.elcorreo.com\/inakicerrajeria\/wp-json\/wp\/v2\/posts\/15330\/revisions"}],"predecessor-version":[{"id":15332,"href":"https:\/\/blogs.elcorreo.com\/inakicerrajeria\/wp-json\/wp\/v2\/posts\/15330\/revisions\/15332"}],"wp:attachment":[{"href":"https:\/\/blogs.elcorreo.com\/inakicerrajeria\/wp-json\/wp\/v2\/media?parent=15330"}],"wp:term":[{"taxonomy":"category","embeddable":true,"href":"https:\/\/blogs.elcorreo.com\/inakicerrajeria\/wp-json\/wp\/v2\/categories?post=15330"},{"taxonomy":"post_tag","embeddable":true,"href":"https:\/\/blogs.elcorreo.com\/inakicerrajeria\/wp-json\/wp\/v2\/tags?post=15330"}],"curies":[{"name":"wp","href":"https:\/\/api.w.org\/{rel}","templated":true}]}}