{"id":15283,"date":"2018-05-10T09:30:25","date_gmt":"2018-05-10T08:30:25","guid":{"rendered":"http:\/\/blogs.elcorreo.com\/inakicerrajeria\/?p=15283"},"modified":"2018-05-10T09:30:25","modified_gmt":"2018-05-10T08:30:25","slug":"el-escudo-tiene-quien-lo-defienda","status":"publish","type":"post","link":"https:\/\/blogs.elcorreo.com\/inakicerrajeria\/2018\/05\/10\/el-escudo-tiene-quien-lo-defienda\/","title":{"rendered":"El escudo tiene quien lo defienda"},"content":{"rendered":"<p><span style=\"color: #ff0000;\"><strong>Renovado MANU GARC\u00cdA<\/strong><\/span><\/p>\n<p><img loading=\"lazy\" class=\"alignnone  wp-image-15284\" src=\"\/\/blogs.elcorreo.com\/inakicerrajeria\/wp-content\/uploads\/sites\/29\/2018\/05\/MANU-GARC\u00cdAblog-724x1024.jpg\" alt=\"manu-garciablog\" width=\"409\" height=\"579\" srcset=\"https:\/\/blogs.elcorreo.com\/inakicerrajeria\/wp-content\/uploads\/sites\/29\/2018\/05\/MANU-GARC\u00cdAblog-724x1024.jpg 724w, https:\/\/blogs.elcorreo.com\/inakicerrajeria\/wp-content\/uploads\/sites\/29\/2018\/05\/MANU-GARC\u00cdAblog-212x300.jpg 212w, https:\/\/blogs.elcorreo.com\/inakicerrajeria\/wp-content\/uploads\/sites\/29\/2018\/05\/MANU-GARC\u00cdAblog-768x1086.jpg 768w, https:\/\/blogs.elcorreo.com\/inakicerrajeria\/wp-content\/uploads\/sites\/29\/2018\/05\/MANU-GARC\u00cdAblog.jpg 827w\" sizes=\"(max-width: 409px) 100vw, 409px\" \/><\/p>\n<h2>Vitoriano y de sangre albiazul, el capit\u00e1n alarga el sue\u00f1o que le hizo saltar \u00abla valla de la General\u00bb en 2012<\/h2>\n<!-- AddThis Advanced Settings generic via filter on the_content --><!-- AddThis Share Buttons generic via filter on the_content -->","protected":false},"excerpt":{"rendered":"<p>Renovado MANU GARC\u00cdA Vitoriano y de sangre albiazul, el capit\u00e1n alarga el sue\u00f1o que le hizo saltar \u00abla valla de la General\u00bb en 2012<!-- AddThis Advanced Settings generic via filter on get_the_excerpt --><!-- AddThis Share Buttons generic via filter on get_the_excerpt --><\/p>\n","protected":false},"author":41,"featured_media":0,"comment_status":"open","ping_status":"closed","sticky":false,"template":"","format":"standard","meta":[],"categories":[6,11],"tags":[1243,3313,8283,7305],"_links":{"self":[{"href":"https:\/\/blogs.elcorreo.com\/inakicerrajeria\/wp-json\/wp\/v2\/posts\/15283"}],"collection":[{"href":"https:\/\/blogs.elcorreo.com\/inakicerrajeria\/wp-json\/wp\/v2\/posts"}],"about":[{"href":"https:\/\/blogs.elcorreo.com\/inakicerrajeria\/wp-json\/wp\/v2\/types\/post"}],"author":[{"embeddable":true,"href":"https:\/\/blogs.elcorreo.com\/inakicerrajeria\/wp-json\/wp\/v2\/users\/41"}],"replies":[{"embeddable":true,"href":"https:\/\/blogs.elcorreo.com\/inakicerrajeria\/wp-json\/wp\/v2\/comments?post=15283"}],"version-history":[{"count":1,"href":"https:\/\/blogs.elcorreo.com\/inakicerrajeria\/wp-json\/wp\/v2\/posts\/15283\/revisions"}],"predecessor-version":[{"id":15285,"href":"https:\/\/blogs.elcorreo.com\/inakicerrajeria\/wp-json\/wp\/v2\/posts\/15283\/revisions\/15285"}],"wp:attachment":[{"href":"https:\/\/blogs.elcorreo.com\/inakicerrajeria\/wp-json\/wp\/v2\/media?parent=15283"}],"wp:term":[{"taxonomy":"category","embeddable":true,"href":"https:\/\/blogs.elcorreo.com\/inakicerrajeria\/wp-json\/wp\/v2\/categories?post=15283"},{"taxonomy":"post_tag","embeddable":true,"href":"https:\/\/blogs.elcorreo.com\/inakicerrajeria\/wp-json\/wp\/v2\/tags?post=15283"}],"curies":[{"name":"wp","href":"https:\/\/api.w.org\/{rel}","templated":true}]}}