{"id":15280,"date":"2018-05-10T09:17:45","date_gmt":"2018-05-10T08:17:45","guid":{"rendered":"http:\/\/blogs.elcorreo.com\/inakicerrajeria\/?p=15280"},"modified":"2018-05-10T09:17:45","modified_gmt":"2018-05-10T08:17:45","slug":"san-martin-completara-la-red-de-centros-de-mayores","status":"publish","type":"post","link":"https:\/\/blogs.elcorreo.com\/inakicerrajeria\/2018\/05\/10\/san-martin-completara-la-red-de-centros-de-mayores\/","title":{"rendered":"San Mart\u00edn completar\u00e1 la red de centros de mayores"},"content":{"rendered":"<p><span style=\"color: #008000;\"><strong>ARABA<\/strong><\/span><\/p>\n<p><img loading=\"lazy\" class=\"alignnone size-large wp-image-15281\" src=\"\/\/blogs.elcorreo.com\/inakicerrajeria\/wp-content\/uploads\/sites\/29\/2018\/05\/10-05-18blog-1024x266.jpg\" alt=\"10-05-18blog\" width=\"1024\" height=\"266\" srcset=\"https:\/\/blogs.elcorreo.com\/inakicerrajeria\/wp-content\/uploads\/sites\/29\/2018\/05\/10-05-18blog-1024x266.jpg 1024w, https:\/\/blogs.elcorreo.com\/inakicerrajeria\/wp-content\/uploads\/sites\/29\/2018\/05\/10-05-18blog-300x78.jpg 300w, https:\/\/blogs.elcorreo.com\/inakicerrajeria\/wp-content\/uploads\/sites\/29\/2018\/05\/10-05-18blog-768x200.jpg 768w, https:\/\/blogs.elcorreo.com\/inakicerrajeria\/wp-content\/uploads\/sites\/29\/2018\/05\/10-05-18blog.jpg 1031w\" sizes=\"(max-width: 1024px) 100vw, 1024px\" \/><\/p>\n<h3>El decimosexto espacio sociocultural de la ciudad abrir\u00e1 en Pintor Vera Fajardo, con un local de 740 metros que incluir\u00e1 comedor, bar y salas de peluquer\u00eda y podolog\u00eda<\/h3>\n<!-- AddThis Advanced Settings generic via filter on the_content --><!-- AddThis Share Buttons generic via filter on the_content -->","protected":false},"excerpt":{"rendered":"<p>ARABA El decimosexto espacio sociocultural de la ciudad abrir\u00e1 en Pintor Vera Fajardo, con un local de 740 metros que incluir\u00e1 comedor, bar y salas de peluquer\u00eda y podolog\u00eda<!-- AddThis Advanced Settings generic via filter on get_the_excerpt --><!-- AddThis Share Buttons generic via filter on get_the_excerpt --><\/p>\n","protected":false},"author":41,"featured_media":0,"comment_status":"open","ping_status":"closed","sticky":false,"template":"","format":"standard","meta":[],"categories":[16],"tags":[865,1434,8281,8282,4302,6304],"_links":{"self":[{"href":"https:\/\/blogs.elcorreo.com\/inakicerrajeria\/wp-json\/wp\/v2\/posts\/15280"}],"collection":[{"href":"https:\/\/blogs.elcorreo.com\/inakicerrajeria\/wp-json\/wp\/v2\/posts"}],"about":[{"href":"https:\/\/blogs.elcorreo.com\/inakicerrajeria\/wp-json\/wp\/v2\/types\/post"}],"author":[{"embeddable":true,"href":"https:\/\/blogs.elcorreo.com\/inakicerrajeria\/wp-json\/wp\/v2\/users\/41"}],"replies":[{"embeddable":true,"href":"https:\/\/blogs.elcorreo.com\/inakicerrajeria\/wp-json\/wp\/v2\/comments?post=15280"}],"version-history":[{"count":1,"href":"https:\/\/blogs.elcorreo.com\/inakicerrajeria\/wp-json\/wp\/v2\/posts\/15280\/revisions"}],"predecessor-version":[{"id":15282,"href":"https:\/\/blogs.elcorreo.com\/inakicerrajeria\/wp-json\/wp\/v2\/posts\/15280\/revisions\/15282"}],"wp:attachment":[{"href":"https:\/\/blogs.elcorreo.com\/inakicerrajeria\/wp-json\/wp\/v2\/media?parent=15280"}],"wp:term":[{"taxonomy":"category","embeddable":true,"href":"https:\/\/blogs.elcorreo.com\/inakicerrajeria\/wp-json\/wp\/v2\/categories?post=15280"},{"taxonomy":"post_tag","embeddable":true,"href":"https:\/\/blogs.elcorreo.com\/inakicerrajeria\/wp-json\/wp\/v2\/tags?post=15280"}],"curies":[{"name":"wp","href":"https:\/\/api.w.org\/{rel}","templated":true}]}}