{"id":15209,"date":"2018-04-23T09:15:41","date_gmt":"2018-04-23T08:15:41","guid":{"rendered":"http:\/\/blogs.elcorreo.com\/inakicerrajeria\/?p=15209"},"modified":"2018-04-23T09:15:56","modified_gmt":"2018-04-23T08:15:56","slug":"garantizada-la-decimocuarta-temporada-en-primera","status":"publish","type":"post","link":"https:\/\/blogs.elcorreo.com\/inakicerrajeria\/2018\/04\/23\/garantizada-la-decimocuarta-temporada-en-primera\/","title":{"rendered":"Garantizada la decimocuarta temporada en Primera"},"content":{"rendered":"<p><span style=\"color: #ff0000;\"><strong>LAS PALMAS 0 &#8211; ALAV\u00c9S 4<\/strong><\/span><\/p>\n<p><img loading=\"lazy\" class=\"alignnone size-large wp-image-15210\" src=\"\/\/blogs.elcorreo.com\/inakicerrajeria\/wp-content\/uploads\/sites\/29\/2018\/04\/las-palmas-0-ala-4-23-04-18blog-1024x345.jpg\" alt=\"las-palmas-0-ala-4-23-04-18blog\" width=\"1024\" height=\"345\" srcset=\"https:\/\/blogs.elcorreo.com\/inakicerrajeria\/wp-content\/uploads\/sites\/29\/2018\/04\/las-palmas-0-ala-4-23-04-18blog-1024x345.jpg 1024w, https:\/\/blogs.elcorreo.com\/inakicerrajeria\/wp-content\/uploads\/sites\/29\/2018\/04\/las-palmas-0-ala-4-23-04-18blog-300x101.jpg 300w, https:\/\/blogs.elcorreo.com\/inakicerrajeria\/wp-content\/uploads\/sites\/29\/2018\/04\/las-palmas-0-ala-4-23-04-18blog-768x259.jpg 768w, https:\/\/blogs.elcorreo.com\/inakicerrajeria\/wp-content\/uploads\/sites\/29\/2018\/04\/las-palmas-0-ala-4-23-04-18blog.jpg 1181w\" sizes=\"(max-width: 1024px) 100vw, 1024px\" \/><\/p>\n<h3>El Alav\u00e9s, afilado tras el descanso, celebra su permanencia matem\u00e1tica a lo grande y sacude con sa\u00f1a a Las Palmas, desde ayer equipo de Segunda.<\/h3>\n<!-- AddThis Advanced Settings generic via filter on the_content --><!-- AddThis Share Buttons generic via filter on the_content -->","protected":false},"excerpt":{"rendered":"<p>LAS PALMAS 0 &#8211; ALAV\u00c9S 4 El Alav\u00e9s, afilado tras el descanso, celebra su permanencia matem\u00e1tica a lo grande y sacude con sa\u00f1a a Las Palmas, desde ayer equipo de Segunda.<!-- AddThis Advanced Settings generic via filter on get_the_excerpt --><!-- AddThis Share Buttons generic via filter on get_the_excerpt --><\/p>\n","protected":false},"author":41,"featured_media":0,"comment_status":"open","ping_status":"closed","sticky":false,"template":"","format":"standard","meta":[],"categories":[11],"tags":[3449,4179,5346,5807],"_links":{"self":[{"href":"https:\/\/blogs.elcorreo.com\/inakicerrajeria\/wp-json\/wp\/v2\/posts\/15209"}],"collection":[{"href":"https:\/\/blogs.elcorreo.com\/inakicerrajeria\/wp-json\/wp\/v2\/posts"}],"about":[{"href":"https:\/\/blogs.elcorreo.com\/inakicerrajeria\/wp-json\/wp\/v2\/types\/post"}],"author":[{"embeddable":true,"href":"https:\/\/blogs.elcorreo.com\/inakicerrajeria\/wp-json\/wp\/v2\/users\/41"}],"replies":[{"embeddable":true,"href":"https:\/\/blogs.elcorreo.com\/inakicerrajeria\/wp-json\/wp\/v2\/comments?post=15209"}],"version-history":[{"count":1,"href":"https:\/\/blogs.elcorreo.com\/inakicerrajeria\/wp-json\/wp\/v2\/posts\/15209\/revisions"}],"predecessor-version":[{"id":15211,"href":"https:\/\/blogs.elcorreo.com\/inakicerrajeria\/wp-json\/wp\/v2\/posts\/15209\/revisions\/15211"}],"wp:attachment":[{"href":"https:\/\/blogs.elcorreo.com\/inakicerrajeria\/wp-json\/wp\/v2\/media?parent=15209"}],"wp:term":[{"taxonomy":"category","embeddable":true,"href":"https:\/\/blogs.elcorreo.com\/inakicerrajeria\/wp-json\/wp\/v2\/categories?post=15209"},{"taxonomy":"post_tag","embeddable":true,"href":"https:\/\/blogs.elcorreo.com\/inakicerrajeria\/wp-json\/wp\/v2\/tags?post=15209"}],"curies":[{"name":"wp","href":"https:\/\/api.w.org\/{rel}","templated":true}]}}