{"id":15186,"date":"2018-04-20T08:53:44","date_gmt":"2018-04-20T07:53:44","guid":{"rendered":"http:\/\/blogs.elcorreo.com\/inakicerrajeria\/?p=15186"},"modified":"2018-04-22T10:35:30","modified_gmt":"2018-04-22T09:35:30","slug":"un-alaves-ingenuo-y-un-supertrencilla-frenan-al-glorioso","status":"publish","type":"post","link":"https:\/\/blogs.elcorreo.com\/inakicerrajeria\/2018\/04\/20\/un-alaves-ingenuo-y-un-supertrencilla-frenan-al-glorioso\/","title":{"rendered":"Un Alav\u00e9s ingenuo y un &#8220;supertrencilla&#8221; frenan al glorioso."},"content":{"rendered":"<p><span style=\"color: #ff0000;\"><strong>ALAV\u00c9S 1 &#8211; GIRONA 2<\/strong><\/span><\/p>\n<p><img loading=\"lazy\" class=\"alignnone size-large wp-image-15187\" src=\"\/\/blogs.elcorreo.com\/inakicerrajeria\/wp-content\/uploads\/sites\/29\/2018\/04\/ala1-girona2-20-04-18blog-1024x345.jpg\" alt=\"ala1-girona2-20-04-18blog\" width=\"1024\" height=\"345\" srcset=\"https:\/\/blogs.elcorreo.com\/inakicerrajeria\/wp-content\/uploads\/sites\/29\/2018\/04\/ala1-girona2-20-04-18blog-1024x345.jpg 1024w, https:\/\/blogs.elcorreo.com\/inakicerrajeria\/wp-content\/uploads\/sites\/29\/2018\/04\/ala1-girona2-20-04-18blog-300x101.jpg 300w, https:\/\/blogs.elcorreo.com\/inakicerrajeria\/wp-content\/uploads\/sites\/29\/2018\/04\/ala1-girona2-20-04-18blog-768x259.jpg 768w, https:\/\/blogs.elcorreo.com\/inakicerrajeria\/wp-content\/uploads\/sites\/29\/2018\/04\/ala1-girona2-20-04-18blog.jpg 1181w\" sizes=\"(max-width: 1024px) 100vw, 1024px\" \/><\/p>\n<h2>El equipo albiazul perdi\u00f3 tras un gol anulado muy discutible, un incre\u00edble gol contrario, un penalti de juveniles, otro gol anulado m\u00e1s discutible a\u00fan, si cabe y un\u00a0 final enfangado por las tarjetas y la pol\u00e9mica.<\/h2>\n<!-- AddThis Advanced Settings generic via filter on the_content --><!-- AddThis Share Buttons generic via filter on the_content -->","protected":false},"excerpt":{"rendered":"<p>ALAV\u00c9S 1 &#8211; GIRONA 2 El equipo albiazul perdi\u00f3 tras un gol anulado muy discutible, un incre\u00edble gol contrario, un penalti de juveniles, otro gol anulado m\u00e1s discutible a\u00fan, si cabe y un\u00a0 final enfangado por las tarjetas y la pol\u00e9mica.<!-- AddThis Advanced Settings generic via filter on get_the_excerpt --><!-- AddThis Share Buttons generic via filter on get_the_excerpt --><\/p>\n","protected":false},"author":41,"featured_media":0,"comment_status":"open","ping_status":"closed","sticky":false,"template":"","format":"standard","meta":[],"categories":[11],"tags":[525,8237,5518,6158,6699],"_links":{"self":[{"href":"https:\/\/blogs.elcorreo.com\/inakicerrajeria\/wp-json\/wp\/v2\/posts\/15186"}],"collection":[{"href":"https:\/\/blogs.elcorreo.com\/inakicerrajeria\/wp-json\/wp\/v2\/posts"}],"about":[{"href":"https:\/\/blogs.elcorreo.com\/inakicerrajeria\/wp-json\/wp\/v2\/types\/post"}],"author":[{"embeddable":true,"href":"https:\/\/blogs.elcorreo.com\/inakicerrajeria\/wp-json\/wp\/v2\/users\/41"}],"replies":[{"embeddable":true,"href":"https:\/\/blogs.elcorreo.com\/inakicerrajeria\/wp-json\/wp\/v2\/comments?post=15186"}],"version-history":[{"count":2,"href":"https:\/\/blogs.elcorreo.com\/inakicerrajeria\/wp-json\/wp\/v2\/posts\/15186\/revisions"}],"predecessor-version":[{"id":15189,"href":"https:\/\/blogs.elcorreo.com\/inakicerrajeria\/wp-json\/wp\/v2\/posts\/15186\/revisions\/15189"}],"wp:attachment":[{"href":"https:\/\/blogs.elcorreo.com\/inakicerrajeria\/wp-json\/wp\/v2\/media?parent=15186"}],"wp:term":[{"taxonomy":"category","embeddable":true,"href":"https:\/\/blogs.elcorreo.com\/inakicerrajeria\/wp-json\/wp\/v2\/categories?post=15186"},{"taxonomy":"post_tag","embeddable":true,"href":"https:\/\/blogs.elcorreo.com\/inakicerrajeria\/wp-json\/wp\/v2\/tags?post=15186"}],"curies":[{"name":"wp","href":"https:\/\/api.w.org\/{rel}","templated":true}]}}