{"id":15174,"date":"2018-04-16T11:01:22","date_gmt":"2018-04-16T10:01:22","guid":{"rendered":"http:\/\/blogs.elcorreo.com\/inakicerrajeria\/?p=15174"},"modified":"2018-04-16T11:01:22","modified_gmt":"2018-04-16T10:01:22","slug":"una-jornada-redonda","status":"publish","type":"post","link":"https:\/\/blogs.elcorreo.com\/inakicerrajeria\/2018\/04\/16\/una-jornada-redonda\/","title":{"rendered":"Una jornada redonda"},"content":{"rendered":"<p><span style=\"color: #ff0000;\"><strong>EIBAR 0 ALAV\u00c9S 1<\/strong><\/span><\/p>\n<p><img loading=\"lazy\" class=\"alignnone size-large wp-image-15175\" src=\"\/\/blogs.elcorreo.com\/inakicerrajeria\/wp-content\/uploads\/sites\/29\/2018\/04\/eibar-0-ala-1-16-04-18blog-1024x345.jpg\" alt=\"eibar-0-ala-1-16-04-18blog\" width=\"1024\" height=\"345\" \/><\/p>\n<h3>Guidetti celebra su cumplea\u00f1os con su segundo gol, una sufrida victoria y la salvaci\u00f3n virtual tras una vuelta liguera extraordinaria con Abelardo<\/h3>\n<!-- AddThis Advanced Settings generic via filter on the_content --><!-- AddThis Share Buttons generic via filter on the_content -->","protected":false},"excerpt":{"rendered":"<p>EIBAR 0 ALAV\u00c9S 1 Guidetti celebra su cumplea\u00f1os con su segundo gol, una sufrida victoria y la salvaci\u00f3n virtual tras una vuelta liguera extraordinaria con Abelardo<!-- AddThis Advanced Settings generic via filter on get_the_excerpt --><!-- AddThis Share Buttons generic via filter on get_the_excerpt --><\/p>\n","protected":false},"author":41,"featured_media":0,"comment_status":"open","ping_status":"closed","sticky":false,"template":"","format":"standard","meta":[],"categories":[11],"tags":[278,2100,8233,5807,6554],"_links":{"self":[{"href":"https:\/\/blogs.elcorreo.com\/inakicerrajeria\/wp-json\/wp\/v2\/posts\/15174"}],"collection":[{"href":"https:\/\/blogs.elcorreo.com\/inakicerrajeria\/wp-json\/wp\/v2\/posts"}],"about":[{"href":"https:\/\/blogs.elcorreo.com\/inakicerrajeria\/wp-json\/wp\/v2\/types\/post"}],"author":[{"embeddable":true,"href":"https:\/\/blogs.elcorreo.com\/inakicerrajeria\/wp-json\/wp\/v2\/users\/41"}],"replies":[{"embeddable":true,"href":"https:\/\/blogs.elcorreo.com\/inakicerrajeria\/wp-json\/wp\/v2\/comments?post=15174"}],"version-history":[{"count":1,"href":"https:\/\/blogs.elcorreo.com\/inakicerrajeria\/wp-json\/wp\/v2\/posts\/15174\/revisions"}],"predecessor-version":[{"id":15176,"href":"https:\/\/blogs.elcorreo.com\/inakicerrajeria\/wp-json\/wp\/v2\/posts\/15174\/revisions\/15176"}],"wp:attachment":[{"href":"https:\/\/blogs.elcorreo.com\/inakicerrajeria\/wp-json\/wp\/v2\/media?parent=15174"}],"wp:term":[{"taxonomy":"category","embeddable":true,"href":"https:\/\/blogs.elcorreo.com\/inakicerrajeria\/wp-json\/wp\/v2\/categories?post=15174"},{"taxonomy":"post_tag","embeddable":true,"href":"https:\/\/blogs.elcorreo.com\/inakicerrajeria\/wp-json\/wp\/v2\/tags?post=15174"}],"curies":[{"name":"wp","href":"https:\/\/api.w.org\/{rel}","templated":true}]}}