{"id":15139,"date":"2018-04-08T19:05:22","date_gmt":"2018-04-08T18:05:22","guid":{"rendered":"http:\/\/blogs.elcorreo.com\/inakicerrajeria\/?p=15139"},"modified":"2018-04-08T19:05:22","modified_gmt":"2018-04-08T18:05:22","slug":"laguardia-rompe-el-cepo","status":"publish","type":"post","link":"https:\/\/blogs.elcorreo.com\/inakicerrajeria\/2018\/04\/08\/laguardia-rompe-el-cepo\/","title":{"rendered":"Laguardia rompe el cepo"},"content":{"rendered":"<p><span style=\"color: #ff0000;\"><strong>ALAV\u00c9S 2 GETAFE 0<\/strong><\/span><\/p>\n<p><img loading=\"lazy\" class=\"alignnone size-large wp-image-15140\" src=\"\/\/blogs.elcorreo.com\/inakicerrajeria\/wp-content\/uploads\/sites\/29\/2018\/04\/ala-2-geta0-08-04-18blog-1024x345.jpg\" alt=\"ala-2-geta0-08-04-18blog\" width=\"1024\" height=\"345\" srcset=\"https:\/\/blogs.elcorreo.com\/inakicerrajeria\/wp-content\/uploads\/sites\/29\/2018\/04\/ala-2-geta0-08-04-18blog-1024x345.jpg 1024w, https:\/\/blogs.elcorreo.com\/inakicerrajeria\/wp-content\/uploads\/sites\/29\/2018\/04\/ala-2-geta0-08-04-18blog-300x101.jpg 300w, https:\/\/blogs.elcorreo.com\/inakicerrajeria\/wp-content\/uploads\/sites\/29\/2018\/04\/ala-2-geta0-08-04-18blog-768x259.jpg 768w, https:\/\/blogs.elcorreo.com\/inakicerrajeria\/wp-content\/uploads\/sites\/29\/2018\/04\/ala-2-geta0-08-04-18blog.jpg 1181w\" sizes=\"(max-width: 1024px) 100vw, 1024px\" \/><\/p>\n<h3>El gol del central albiazul acab\u00f3 con el bloqueo del Getafe y liber\u00f3 al Alav\u00e9s, que sentenci\u00f3 por medio de un inmenso Munir<\/h3>\n<!-- AddThis Advanced Settings generic via filter on the_content --><!-- AddThis Share Buttons generic via filter on the_content -->","protected":false},"excerpt":{"rendered":"<p>ALAV\u00c9S 2 GETAFE 0 El gol del central albiazul acab\u00f3 con el bloqueo del Getafe y liber\u00f3 al Alav\u00e9s, que sentenci\u00f3 por medio de un inmenso Munir<!-- AddThis Advanced Settings generic via filter on get_the_excerpt --><!-- AddThis Share Buttons generic via filter on get_the_excerpt --><\/p>\n","protected":false},"author":41,"featured_media":0,"comment_status":"open","ping_status":"closed","sticky":false,"template":"","format":"standard","meta":[],"categories":[11],"tags":[285,972,3451,5295,6427],"_links":{"self":[{"href":"https:\/\/blogs.elcorreo.com\/inakicerrajeria\/wp-json\/wp\/v2\/posts\/15139"}],"collection":[{"href":"https:\/\/blogs.elcorreo.com\/inakicerrajeria\/wp-json\/wp\/v2\/posts"}],"about":[{"href":"https:\/\/blogs.elcorreo.com\/inakicerrajeria\/wp-json\/wp\/v2\/types\/post"}],"author":[{"embeddable":true,"href":"https:\/\/blogs.elcorreo.com\/inakicerrajeria\/wp-json\/wp\/v2\/users\/41"}],"replies":[{"embeddable":true,"href":"https:\/\/blogs.elcorreo.com\/inakicerrajeria\/wp-json\/wp\/v2\/comments?post=15139"}],"version-history":[{"count":1,"href":"https:\/\/blogs.elcorreo.com\/inakicerrajeria\/wp-json\/wp\/v2\/posts\/15139\/revisions"}],"predecessor-version":[{"id":15141,"href":"https:\/\/blogs.elcorreo.com\/inakicerrajeria\/wp-json\/wp\/v2\/posts\/15139\/revisions\/15141"}],"wp:attachment":[{"href":"https:\/\/blogs.elcorreo.com\/inakicerrajeria\/wp-json\/wp\/v2\/media?parent=15139"}],"wp:term":[{"taxonomy":"category","embeddable":true,"href":"https:\/\/blogs.elcorreo.com\/inakicerrajeria\/wp-json\/wp\/v2\/categories?post=15139"},{"taxonomy":"post_tag","embeddable":true,"href":"https:\/\/blogs.elcorreo.com\/inakicerrajeria\/wp-json\/wp\/v2\/tags?post=15139"}],"curies":[{"name":"wp","href":"https:\/\/api.w.org\/{rel}","templated":true}]}}