{"id":15135,"date":"2018-04-08T19:02:12","date_gmt":"2018-04-08T18:02:12","guid":{"rendered":"http:\/\/blogs.elcorreo.com\/inakicerrajeria\/?p=15135"},"modified":"2018-04-08T19:02:39","modified_gmt":"2018-04-08T18:02:39","slug":"365-dias-con-una-parada-de-metro-en-el-barrio","status":"publish","type":"post","link":"https:\/\/blogs.elcorreo.com\/inakicerrajeria\/2018\/04\/08\/365-dias-con-una-parada-de-metro-en-el-barrio\/","title":{"rendered":"365 d\u00edas con una parada de metro en el barrio"},"content":{"rendered":"<p><span style=\"color: #ff0000;\"><strong>BIZKAIA<\/strong><\/span><\/p>\n<p><strong><img loading=\"lazy\" class=\"alignnone size-large wp-image-15136\" src=\"\/\/blogs.elcorreo.com\/inakicerrajeria\/wp-content\/uploads\/sites\/29\/2018\/04\/biz08-04-17blog-1024x266.jpg\" alt=\"biz08-04-17blog\" width=\"1024\" height=\"266\" srcset=\"https:\/\/blogs.elcorreo.com\/inakicerrajeria\/wp-content\/uploads\/sites\/29\/2018\/04\/biz08-04-17blog-1024x266.jpg 1024w, https:\/\/blogs.elcorreo.com\/inakicerrajeria\/wp-content\/uploads\/sites\/29\/2018\/04\/biz08-04-17blog-300x78.jpg 300w, https:\/\/blogs.elcorreo.com\/inakicerrajeria\/wp-content\/uploads\/sites\/29\/2018\/04\/biz08-04-17blog-768x200.jpg 768w, https:\/\/blogs.elcorreo.com\/inakicerrajeria\/wp-content\/uploads\/sites\/29\/2018\/04\/biz08-04-17blog.jpg 1031w\" sizes=\"(max-width: 1024px) 100vw, 1024px\" \/><\/strong><\/p>\n<h3>Se cumple hoy un a\u00f1o desde que se estren\u00f3 la L\u00ednea 3 del metro, que uni\u00f3 Matiko con Kukullaga y oxigen\u00f3 barrios que hab\u00edan permanecido incomunicados durante d\u00e9cadas. Con motivo del aniversario, este peri\u00f3dico ha reunido a los vecinos que entrevist\u00f3 poco antes de la inauguraci\u00f3n para descubrir c\u00f3mo han cambiado sus vidas en los \u00faltimos 365 d\u00edas.<\/h3>\n<!-- AddThis Advanced Settings generic via filter on the_content --><!-- AddThis Share Buttons generic via filter on the_content -->","protected":false},"excerpt":{"rendered":"<p>BIZKAIA Se cumple hoy un a\u00f1o desde que se estren\u00f3 la L\u00ednea 3 del metro, que uni\u00f3 Matiko con Kukullaga y oxigen\u00f3 barrios que hab\u00edan permanecido incomunicados durante d\u00e9cadas. Con motivo del aniversario, este peri\u00f3dico ha reunido a los vecinos que entrevist\u00f3 poco antes de la inauguraci\u00f3n para descubrir c\u00f3mo han cambiado sus vidas en [&hellip;]<!-- AddThis Advanced Settings generic via filter on get_the_excerpt --><!-- AddThis Share Buttons generic via filter on get_the_excerpt --><\/p>\n","protected":false},"author":41,"featured_media":0,"comment_status":"open","ping_status":"closed","sticky":false,"template":"","format":"standard","meta":[],"categories":[17],"tags":[865,7449,4601,5147,7099],"_links":{"self":[{"href":"https:\/\/blogs.elcorreo.com\/inakicerrajeria\/wp-json\/wp\/v2\/posts\/15135"}],"collection":[{"href":"https:\/\/blogs.elcorreo.com\/inakicerrajeria\/wp-json\/wp\/v2\/posts"}],"about":[{"href":"https:\/\/blogs.elcorreo.com\/inakicerrajeria\/wp-json\/wp\/v2\/types\/post"}],"author":[{"embeddable":true,"href":"https:\/\/blogs.elcorreo.com\/inakicerrajeria\/wp-json\/wp\/v2\/users\/41"}],"replies":[{"embeddable":true,"href":"https:\/\/blogs.elcorreo.com\/inakicerrajeria\/wp-json\/wp\/v2\/comments?post=15135"}],"version-history":[{"count":1,"href":"https:\/\/blogs.elcorreo.com\/inakicerrajeria\/wp-json\/wp\/v2\/posts\/15135\/revisions"}],"predecessor-version":[{"id":15137,"href":"https:\/\/blogs.elcorreo.com\/inakicerrajeria\/wp-json\/wp\/v2\/posts\/15135\/revisions\/15137"}],"wp:attachment":[{"href":"https:\/\/blogs.elcorreo.com\/inakicerrajeria\/wp-json\/wp\/v2\/media?parent=15135"}],"wp:term":[{"taxonomy":"category","embeddable":true,"href":"https:\/\/blogs.elcorreo.com\/inakicerrajeria\/wp-json\/wp\/v2\/categories?post=15135"},{"taxonomy":"post_tag","embeddable":true,"href":"https:\/\/blogs.elcorreo.com\/inakicerrajeria\/wp-json\/wp\/v2\/tags?post=15135"}],"curies":[{"name":"wp","href":"https:\/\/api.w.org\/{rel}","templated":true}]}}