{"id":15108,"date":"2018-04-02T11:48:21","date_gmt":"2018-04-02T10:48:21","guid":{"rendered":"http:\/\/blogs.elcorreo.com\/inakicerrajeria\/?p=15108"},"modified":"2018-04-02T11:48:21","modified_gmt":"2018-04-02T10:48:21","slug":"un-punto-revitalizador","status":"publish","type":"post","link":"https:\/\/blogs.elcorreo.com\/inakicerrajeria\/2018\/04\/02\/un-punto-revitalizador\/","title":{"rendered":"UN PUNTO REVITALIZADOR"},"content":{"rendered":"<p><span style=\"color: #ff0000;\"><strong>ESPA\u00d1OL 0 &#8211; ALAV\u00c9S 0<\/strong><\/span><\/p>\n<p><img loading=\"lazy\" class=\"alignnone size-large wp-image-15109\" src=\"\/\/blogs.elcorreo.com\/inakicerrajeria\/wp-content\/uploads\/sites\/29\/2018\/04\/esp0-ala0-02-04-18blog-1024x345.jpg\" alt=\"esp0-ala0-02-04-18blog\" width=\"1024\" height=\"345\" srcset=\"https:\/\/blogs.elcorreo.com\/inakicerrajeria\/wp-content\/uploads\/sites\/29\/2018\/04\/esp0-ala0-02-04-18blog-1024x345.jpg 1024w, https:\/\/blogs.elcorreo.com\/inakicerrajeria\/wp-content\/uploads\/sites\/29\/2018\/04\/esp0-ala0-02-04-18blog-300x101.jpg 300w, https:\/\/blogs.elcorreo.com\/inakicerrajeria\/wp-content\/uploads\/sites\/29\/2018\/04\/esp0-ala0-02-04-18blog-768x259.jpg 768w, https:\/\/blogs.elcorreo.com\/inakicerrajeria\/wp-content\/uploads\/sites\/29\/2018\/04\/esp0-ala0-02-04-18blog.jpg 1181w\" sizes=\"(max-width: 1024px) 100vw, 1024px\" \/><\/p>\n<h3>El Alav\u00e9s empata en Cornell\u00e1 y acaricia la permanencia.\u00a0 Los dos equipos llevaban media &#8220;torrija&#8221; ya sea por la hora o por la Semana Santa. Al final el Alav\u00e9s se llev\u00f3\u00a0la &#8220;mona&#8221; y celebr\u00f3 el final de su cuaresma particular.<\/h3>\n<!-- AddThis Advanced Settings generic via filter on the_content --><!-- AddThis Share Buttons generic via filter on the_content -->","protected":false},"excerpt":{"rendered":"<p>ESPA\u00d1OL 0 &#8211; ALAV\u00c9S 0 El Alav\u00e9s empata en Cornell\u00e1 y acaricia la permanencia.\u00a0 Los dos equipos llevaban media &#8220;torrija&#8221; ya sea por la hora o por la Semana Santa. Al final el Alav\u00e9s se llev\u00f3\u00a0la &#8220;mona&#8221; y celebr\u00f3 el final de su cuaresma particular.<!-- AddThis Advanced Settings generic via filter on get_the_excerpt --><!-- AddThis Share Buttons generic via filter on get_the_excerpt --><\/p>\n","protected":false},"author":41,"featured_media":0,"comment_status":"open","ping_status":"closed","sticky":false,"template":"","format":"standard","meta":[],"categories":[11],"tags":[8213,2647,2850,5803,6288],"_links":{"self":[{"href":"https:\/\/blogs.elcorreo.com\/inakicerrajeria\/wp-json\/wp\/v2\/posts\/15108"}],"collection":[{"href":"https:\/\/blogs.elcorreo.com\/inakicerrajeria\/wp-json\/wp\/v2\/posts"}],"about":[{"href":"https:\/\/blogs.elcorreo.com\/inakicerrajeria\/wp-json\/wp\/v2\/types\/post"}],"author":[{"embeddable":true,"href":"https:\/\/blogs.elcorreo.com\/inakicerrajeria\/wp-json\/wp\/v2\/users\/41"}],"replies":[{"embeddable":true,"href":"https:\/\/blogs.elcorreo.com\/inakicerrajeria\/wp-json\/wp\/v2\/comments?post=15108"}],"version-history":[{"count":1,"href":"https:\/\/blogs.elcorreo.com\/inakicerrajeria\/wp-json\/wp\/v2\/posts\/15108\/revisions"}],"predecessor-version":[{"id":15110,"href":"https:\/\/blogs.elcorreo.com\/inakicerrajeria\/wp-json\/wp\/v2\/posts\/15108\/revisions\/15110"}],"wp:attachment":[{"href":"https:\/\/blogs.elcorreo.com\/inakicerrajeria\/wp-json\/wp\/v2\/media?parent=15108"}],"wp:term":[{"taxonomy":"category","embeddable":true,"href":"https:\/\/blogs.elcorreo.com\/inakicerrajeria\/wp-json\/wp\/v2\/categories?post=15108"},{"taxonomy":"post_tag","embeddable":true,"href":"https:\/\/blogs.elcorreo.com\/inakicerrajeria\/wp-json\/wp\/v2\/tags?post=15108"}],"curies":[{"name":"wp","href":"https:\/\/api.w.org\/{rel}","templated":true}]}}