{"id":15099,"date":"2018-04-01T09:05:08","date_gmt":"2018-04-01T08:05:08","guid":{"rendered":"http:\/\/blogs.elcorreo.com\/inakicerrajeria\/?p=15099"},"modified":"2018-04-01T09:05:08","modified_gmt":"2018-04-01T08:05:08","slug":"el-telon-que-se-mantiene-bien-alto","status":"publish","type":"post","link":"https:\/\/blogs.elcorreo.com\/inakicerrajeria\/2018\/04\/01\/el-telon-que-se-mantiene-bien-alto\/","title":{"rendered":"El tel\u00f3n que se mantiene bien alto"},"content":{"rendered":"<p><span style=\"color: #0000ff;\"><strong>MIRANDA<\/strong><\/span><\/p>\n<p><img loading=\"lazy\" class=\"alignnone size-large wp-image-15100\" src=\"\/\/blogs.elcorreo.com\/inakicerrajeria\/wp-content\/uploads\/sites\/29\/2018\/04\/mir01-04-18blog-1024x266.jpg\" alt=\"mir01-04-18blog\" width=\"1024\" height=\"266\" srcset=\"https:\/\/blogs.elcorreo.com\/inakicerrajeria\/wp-content\/uploads\/sites\/29\/2018\/04\/mir01-04-18blog-1024x266.jpg 1024w, https:\/\/blogs.elcorreo.com\/inakicerrajeria\/wp-content\/uploads\/sites\/29\/2018\/04\/mir01-04-18blog-300x78.jpg 300w, https:\/\/blogs.elcorreo.com\/inakicerrajeria\/wp-content\/uploads\/sites\/29\/2018\/04\/mir01-04-18blog-768x200.jpg 768w, https:\/\/blogs.elcorreo.com\/inakicerrajeria\/wp-content\/uploads\/sites\/29\/2018\/04\/mir01-04-18blog.jpg 1031w\" sizes=\"(max-width: 1024px) 100vw, 1024px\" \/><\/p>\n<h3>El D\u00eda Mundial del Teatro se celebr\u00f3 el 27 de marzo tambi\u00e9n en Miranda en un momento en el que desde los colectivos se se\u00f1ala el buen estado de los grupos de aficionados donde sienten una buena respuesta<\/h3>\n<!-- AddThis Advanced Settings generic via filter on the_content --><!-- AddThis Share Buttons generic via filter on the_content -->","protected":false},"excerpt":{"rendered":"<p>MIRANDA El D\u00eda Mundial del Teatro se celebr\u00f3 el 27 de marzo tambi\u00e9n en Miranda en un momento en el que desde los colectivos se se\u00f1ala el buen estado de los grupos de aficionados donde sienten una buena respuesta<!-- AddThis Advanced Settings generic via filter on get_the_excerpt --><!-- AddThis Share Buttons generic via filter on get_the_excerpt --><\/p>\n","protected":false},"author":41,"featured_media":0,"comment_status":"open","ping_status":"closed","sticky":false,"template":"","format":"standard","meta":[],"categories":[18],"tags":[8004,1708,8206,8207,6718],"_links":{"self":[{"href":"https:\/\/blogs.elcorreo.com\/inakicerrajeria\/wp-json\/wp\/v2\/posts\/15099"}],"collection":[{"href":"https:\/\/blogs.elcorreo.com\/inakicerrajeria\/wp-json\/wp\/v2\/posts"}],"about":[{"href":"https:\/\/blogs.elcorreo.com\/inakicerrajeria\/wp-json\/wp\/v2\/types\/post"}],"author":[{"embeddable":true,"href":"https:\/\/blogs.elcorreo.com\/inakicerrajeria\/wp-json\/wp\/v2\/users\/41"}],"replies":[{"embeddable":true,"href":"https:\/\/blogs.elcorreo.com\/inakicerrajeria\/wp-json\/wp\/v2\/comments?post=15099"}],"version-history":[{"count":1,"href":"https:\/\/blogs.elcorreo.com\/inakicerrajeria\/wp-json\/wp\/v2\/posts\/15099\/revisions"}],"predecessor-version":[{"id":15101,"href":"https:\/\/blogs.elcorreo.com\/inakicerrajeria\/wp-json\/wp\/v2\/posts\/15099\/revisions\/15101"}],"wp:attachment":[{"href":"https:\/\/blogs.elcorreo.com\/inakicerrajeria\/wp-json\/wp\/v2\/media?parent=15099"}],"wp:term":[{"taxonomy":"category","embeddable":true,"href":"https:\/\/blogs.elcorreo.com\/inakicerrajeria\/wp-json\/wp\/v2\/categories?post=15099"},{"taxonomy":"post_tag","embeddable":true,"href":"https:\/\/blogs.elcorreo.com\/inakicerrajeria\/wp-json\/wp\/v2\/tags?post=15099"}],"curies":[{"name":"wp","href":"https:\/\/api.w.org\/{rel}","templated":true}]}}