{"id":13671,"date":"2017-06-06T09:56:03","date_gmt":"2017-06-06T08:56:03","guid":{"rendered":"http:\/\/blogs.elcorreo.com\/inakicerrajeria\/?p=13671"},"modified":"2017-06-06T09:56:03","modified_gmt":"2017-06-06T08:56:03","slug":"vitoria-mejora-en-transporte-publico-y-calidad-del-aire-pero-se-estanca-un-ano-mas-en-basuras","status":"publish","type":"post","link":"https:\/\/blogs.elcorreo.com\/inakicerrajeria\/2017\/06\/06\/vitoria-mejora-en-transporte-publico-y-calidad-del-aire-pero-se-estanca-un-ano-mas-en-basuras\/","title":{"rendered":"Vitoria mejora en transporte p\u00fablico y calidad del aire pero se estanca un a\u00f1o m\u00e1s en basuras"},"content":{"rendered":"<p><span style=\"color: #008000;\"><strong>ARABA<\/strong><\/span><\/p>\n<p><a href=\"\/inakicerrajeria\/wp-content\/uploads\/sites\/29\/2017\/06\/06-06-17blog.jpg\"><img loading=\"lazy\" class=\"alignnone  wp-image-13672\" title=\"06-06-17blog\" src=\"\/inakicerrajeria\/wp-content\/uploads\/sites\/29\/2017\/06\/06-06-17blog-1024x266.jpg\" alt=\"\" width=\"614\" height=\"160\" srcset=\"https:\/\/blogs.elcorreo.com\/inakicerrajeria\/wp-content\/uploads\/sites\/29\/2017\/06\/06-06-17blog-1024x266.jpg 1024w, https:\/\/blogs.elcorreo.com\/inakicerrajeria\/wp-content\/uploads\/sites\/29\/2017\/06\/06-06-17blog-300x78.jpg 300w, https:\/\/blogs.elcorreo.com\/inakicerrajeria\/wp-content\/uploads\/sites\/29\/2017\/06\/06-06-17blog-768x200.jpg 768w, https:\/\/blogs.elcorreo.com\/inakicerrajeria\/wp-content\/uploads\/sites\/29\/2017\/06\/06-06-17blog.jpg 1031w\" sizes=\"(max-width: 614px) 100vw, 614px\" \/><\/a><\/p>\n<p>\u00abVitoria falla en el contenedor amarillo y en el org\u00e1nico\u00bb<\/p>\n<!-- AddThis Advanced Settings generic via filter on the_content --><!-- AddThis Share Buttons generic via filter on the_content -->","protected":false},"excerpt":{"rendered":"<p>ARABA \u00abVitoria falla en el contenedor amarillo y en el org\u00e1nico\u00bb<!-- AddThis Advanced Settings generic via filter on get_the_excerpt --><!-- AddThis Share Buttons generic via filter on get_the_excerpt --><\/p>\n","protected":false},"author":41,"featured_media":0,"comment_status":"open","ping_status":"closed","sticky":false,"template":"","format":"standard","meta":[],"categories":[16],"tags":[875,1889,7569,5910],"_links":{"self":[{"href":"https:\/\/blogs.elcorreo.com\/inakicerrajeria\/wp-json\/wp\/v2\/posts\/13671"}],"collection":[{"href":"https:\/\/blogs.elcorreo.com\/inakicerrajeria\/wp-json\/wp\/v2\/posts"}],"about":[{"href":"https:\/\/blogs.elcorreo.com\/inakicerrajeria\/wp-json\/wp\/v2\/types\/post"}],"author":[{"embeddable":true,"href":"https:\/\/blogs.elcorreo.com\/inakicerrajeria\/wp-json\/wp\/v2\/users\/41"}],"replies":[{"embeddable":true,"href":"https:\/\/blogs.elcorreo.com\/inakicerrajeria\/wp-json\/wp\/v2\/comments?post=13671"}],"version-history":[{"count":0,"href":"https:\/\/blogs.elcorreo.com\/inakicerrajeria\/wp-json\/wp\/v2\/posts\/13671\/revisions"}],"wp:attachment":[{"href":"https:\/\/blogs.elcorreo.com\/inakicerrajeria\/wp-json\/wp\/v2\/media?parent=13671"}],"wp:term":[{"taxonomy":"category","embeddable":true,"href":"https:\/\/blogs.elcorreo.com\/inakicerrajeria\/wp-json\/wp\/v2\/categories?post=13671"},{"taxonomy":"post_tag","embeddable":true,"href":"https:\/\/blogs.elcorreo.com\/inakicerrajeria\/wp-json\/wp\/v2\/tags?post=13671"}],"curies":[{"name":"wp","href":"https:\/\/api.w.org\/{rel}","templated":true}]}}