{"id":13565,"date":"2017-05-05T08:21:19","date_gmt":"2017-05-05T07:21:19","guid":{"rendered":"http:\/\/blogs.elcorreo.com\/inakicerrajeria\/?p=13565"},"modified":"2017-05-05T08:21:19","modified_gmt":"2017-05-05T07:21:19","slug":"la-diputacion-satisfecha-al-ver-ratificada-su-acusacion-por-el-fraude-de-iruna-veleia","status":"publish","type":"post","link":"https:\/\/blogs.elcorreo.com\/inakicerrajeria\/2017\/05\/05\/la-diputacion-satisfecha-al-ver-ratificada-su-acusacion-por-el-fraude-de-iruna-veleia\/","title":{"rendered":"La Diputaci\u00f3n, satisfecha al ver ratificada su acusaci\u00f3n por el fraude de Iru\u00f1a-Veleia"},"content":{"rendered":"<p><span style=\"color: #008000;\"><strong>ARABA<\/strong><\/span><\/p>\n<p><a href=\"\/inakicerrajeria\/wp-content\/uploads\/sites\/29\/2017\/05\/05-05-17blog.jpg\"><img loading=\"lazy\" class=\"alignnone  wp-image-13566\" title=\"05-05-17blog\" src=\"\/inakicerrajeria\/wp-content\/uploads\/sites\/29\/2017\/05\/05-05-17blog-1024x266.jpg\" alt=\"\" width=\"614\" height=\"160\" srcset=\"https:\/\/blogs.elcorreo.com\/inakicerrajeria\/wp-content\/uploads\/sites\/29\/2017\/05\/05-05-17blog-1024x266.jpg 1024w, https:\/\/blogs.elcorreo.com\/inakicerrajeria\/wp-content\/uploads\/sites\/29\/2017\/05\/05-05-17blog-300x78.jpg 300w, https:\/\/blogs.elcorreo.com\/inakicerrajeria\/wp-content\/uploads\/sites\/29\/2017\/05\/05-05-17blog-768x200.jpg 768w, https:\/\/blogs.elcorreo.com\/inakicerrajeria\/wp-content\/uploads\/sites\/29\/2017\/05\/05-05-17blog.jpg 1031w\" sizes=\"(max-width: 614px) 100vw, 614px\" \/><\/a><\/p>\n<p>La defensa de Eliseo Gil apelar\u00e1 contra el auto de la jueza que ha puesto fin a la instrucci\u00f3n judicial y que le atribuye delitos de da\u00f1os y estafa<\/p>\n<!-- AddThis Advanced Settings generic via filter on the_content --><!-- AddThis Share Buttons generic via filter on the_content -->","protected":false},"excerpt":{"rendered":"<p>ARABA La defensa de Eliseo Gil apelar\u00e1 contra el auto de la jueza que ha puesto fin a la instrucci\u00f3n judicial y que le atribuye delitos de da\u00f1os y estafa<!-- AddThis Advanced Settings generic via filter on get_the_excerpt --><!-- AddThis Share Buttons generic via filter on get_the_excerpt --><\/p>\n","protected":false},"author":41,"featured_media":0,"comment_status":"open","ping_status":"closed","sticky":false,"template":"","format":"standard","meta":[],"categories":[16],"tags":[7479,567,2120,2898,2968,7545,6615],"_links":{"self":[{"href":"https:\/\/blogs.elcorreo.com\/inakicerrajeria\/wp-json\/wp\/v2\/posts\/13565"}],"collection":[{"href":"https:\/\/blogs.elcorreo.com\/inakicerrajeria\/wp-json\/wp\/v2\/posts"}],"about":[{"href":"https:\/\/blogs.elcorreo.com\/inakicerrajeria\/wp-json\/wp\/v2\/types\/post"}],"author":[{"embeddable":true,"href":"https:\/\/blogs.elcorreo.com\/inakicerrajeria\/wp-json\/wp\/v2\/users\/41"}],"replies":[{"embeddable":true,"href":"https:\/\/blogs.elcorreo.com\/inakicerrajeria\/wp-json\/wp\/v2\/comments?post=13565"}],"version-history":[{"count":0,"href":"https:\/\/blogs.elcorreo.com\/inakicerrajeria\/wp-json\/wp\/v2\/posts\/13565\/revisions"}],"wp:attachment":[{"href":"https:\/\/blogs.elcorreo.com\/inakicerrajeria\/wp-json\/wp\/v2\/media?parent=13565"}],"wp:term":[{"taxonomy":"category","embeddable":true,"href":"https:\/\/blogs.elcorreo.com\/inakicerrajeria\/wp-json\/wp\/v2\/categories?post=13565"},{"taxonomy":"post_tag","embeddable":true,"href":"https:\/\/blogs.elcorreo.com\/inakicerrajeria\/wp-json\/wp\/v2\/tags?post=13565"}],"curies":[{"name":"wp","href":"https:\/\/api.w.org\/{rel}","templated":true}]}}