{"id":13128,"date":"2017-01-08T18:36:58","date_gmt":"2017-01-08T17:36:58","guid":{"rendered":"http:\/\/blogs.elcorreo.com\/inakicerrajeria\/?p=13128"},"modified":"2017-01-08T18:36:58","modified_gmt":"2017-01-08T17:36:58","slug":"la-contaminacion-se-ventila-en-el-gran-bilbao","status":"publish","type":"post","link":"https:\/\/blogs.elcorreo.com\/inakicerrajeria\/2017\/01\/08\/la-contaminacion-se-ventila-en-el-gran-bilbao\/","title":{"rendered":"LA CONTAMINACI\u00d3N SE VENTILA EN EL GRAN BILBAO"},"content":{"rendered":"<p><span style=\"color: #ff0000;\"><strong>BIZKAIA<\/strong><\/span><\/p>\n<p><a href=\"\/inakicerrajeria\/wp-content\/uploads\/sites\/29\/2017\/01\/biz08-01-17blog.jpg\"><img loading=\"lazy\" class=\"alignnone  wp-image-13129\" title=\"Bilbao. Pasarela Pedro Arrupe sobre la R\u00c3\u00ada y el Museo Guggenhei\" src=\"\/inakicerrajeria\/wp-content\/uploads\/sites\/29\/2017\/01\/biz08-01-17blog.jpg\" alt=\"\" width=\"614\" height=\"160\" srcset=\"https:\/\/blogs.elcorreo.com\/inakicerrajeria\/wp-content\/uploads\/sites\/29\/2017\/01\/biz08-01-17blog.jpg 1031w, https:\/\/blogs.elcorreo.com\/inakicerrajeria\/wp-content\/uploads\/sites\/29\/2017\/01\/biz08-01-17blog-300x78.jpg 300w, https:\/\/blogs.elcorreo.com\/inakicerrajeria\/wp-content\/uploads\/sites\/29\/2017\/01\/biz08-01-17blog-768x200.jpg 768w, https:\/\/blogs.elcorreo.com\/inakicerrajeria\/wp-content\/uploads\/sites\/29\/2017\/01\/biz08-01-17blog-1024x266.jpg 1024w\" sizes=\"(max-width: 614px) 100vw, 614px\" \/><\/a><\/p>\n<p>La extensi\u00f3n del metro y la ca\u00edda de la industria pesada rebajan la poluci\u00f3n en la cuenca de la r\u00eda, aireada por corrientes que dispersan \u2018boinas\u2019 como la de Madrid<\/p>\n<!-- AddThis Advanced Settings generic via filter on the_content --><!-- AddThis Share Buttons generic via filter on the_content -->","protected":false},"excerpt":{"rendered":"<p>BIZKAIA La extensi\u00f3n del metro y la ca\u00edda de la industria pesada rebajan la poluci\u00f3n en la cuenca de la r\u00eda, aireada por corrientes que dispersan \u2018boinas\u2019 como la de Madrid<!-- AddThis Advanced Settings generic via filter on get_the_excerpt --><!-- AddThis Share Buttons generic via filter on get_the_excerpt --><\/p>\n","protected":false},"author":41,"featured_media":0,"comment_status":"open","ping_status":"closed","sticky":false,"template":"","format":"standard","meta":[],"categories":[17],"tags":[947,1880,3808,4601,5543,6142],"_links":{"self":[{"href":"https:\/\/blogs.elcorreo.com\/inakicerrajeria\/wp-json\/wp\/v2\/posts\/13128"}],"collection":[{"href":"https:\/\/blogs.elcorreo.com\/inakicerrajeria\/wp-json\/wp\/v2\/posts"}],"about":[{"href":"https:\/\/blogs.elcorreo.com\/inakicerrajeria\/wp-json\/wp\/v2\/types\/post"}],"author":[{"embeddable":true,"href":"https:\/\/blogs.elcorreo.com\/inakicerrajeria\/wp-json\/wp\/v2\/users\/41"}],"replies":[{"embeddable":true,"href":"https:\/\/blogs.elcorreo.com\/inakicerrajeria\/wp-json\/wp\/v2\/comments?post=13128"}],"version-history":[{"count":0,"href":"https:\/\/blogs.elcorreo.com\/inakicerrajeria\/wp-json\/wp\/v2\/posts\/13128\/revisions"}],"wp:attachment":[{"href":"https:\/\/blogs.elcorreo.com\/inakicerrajeria\/wp-json\/wp\/v2\/media?parent=13128"}],"wp:term":[{"taxonomy":"category","embeddable":true,"href":"https:\/\/blogs.elcorreo.com\/inakicerrajeria\/wp-json\/wp\/v2\/categories?post=13128"},{"taxonomy":"post_tag","embeddable":true,"href":"https:\/\/blogs.elcorreo.com\/inakicerrajeria\/wp-json\/wp\/v2\/tags?post=13128"}],"curies":[{"name":"wp","href":"https:\/\/api.w.org\/{rel}","templated":true}]}}