{"id":1076,"date":"2010-02-11T09:30:00","date_gmt":"2010-02-11T09:30:00","guid":{"rendered":"http:\/\/blogs.elcorreo.com\/inakicerrajeria\/?p=1075"},"modified":"2010-02-11T09:30:00","modified_gmt":"2010-02-11T09:30:00","slug":"el-60-los-menores-extranjeros-mas-28-anos-segun-la","status":"publish","type":"post","link":"https:\/\/blogs.elcorreo.com\/inakicerrajeria\/2010\/02\/11\/el-60-los-menores-extranjeros-mas-28-anos-segun-la\/","title":{"rendered":"El 60% de los menores extranjeros tiene m\u00e1s de 28 a\u00f1os, seg\u00fan la Polic\u00eda"},"content":{"rendered":"<p><span style=\"color:#ff0000\">\u00c1lava<br \/>\n<\/span><IMG src=\"\/inakicerrajeria\/files\/11-2-10blog.jpg\" id=\"img_0\" class=\"imgizqda\" width=\"600\" height=\"140\"><\/p>\n<div class=\"barhead\">\n<div class=\"ln\" id=\"story-entradilla\"> <\/div>\n<\/p><\/div>\n<p>  La larga pol\u00e9mica surgida en \u00c1lava en torno a los menores extranjeros no acompa\u00f1ados, &#8216;menas&#8217;, acogidos por la Diputaci\u00f3n lleg\u00f3 ayer al Congreso de la mano del PNV, que pidi\u00f3 sin mucho \u00e9xito al ministro de Justicia, Francisco Caama\u00f1o, que exija a la Fiscal\u00eda una mayor control de estos \u00abficticios\u00bb menores. <A href=\"http:\/\/www.elcorreo.com\/alava\/v\/20100211\/alava\/menores-extranjeros-tiene-anos-20100211.html\" title=\"http:\/\/www.elcorreo.com\/alava\/v\/20100211\/alava\/menores-extranjeros-tiene-anos-20100211.html\" id=\"link_0\">(+info)<\/a>  <\/p>\n<!-- AddThis Advanced Settings generic via filter on the_content --><!-- AddThis Share Buttons generic via filter on the_content -->","protected":false},"excerpt":{"rendered":"<p>\u00c1lava La larga pol\u00e9mica surgida en \u00c1lava en torno a los menores extranjeros no acompa\u00f1ados, &#8216;menas&#8217;, acogidos por la Diputaci\u00f3n lleg\u00f3 ayer al Congreso de la mano del PNV, que pidi\u00f3 sin mucho \u00e9xito al ministro de Justicia, Francisco Caama\u00f1o, que exija a la Fiscal\u00eda una mayor control de estos \u00abficticios\u00bb menores. (+info)<!-- AddThis Advanced Settings generic via filter on get_the_excerpt --><!-- AddThis Share Buttons generic via filter on get_the_excerpt --><\/p>\n","protected":false},"author":41,"featured_media":0,"comment_status":"open","ping_status":"closed","sticky":false,"template":"","format":"standard","meta":[],"categories":[16],"tags":[119,2409,3034,3173,4504,4556,5518],"_links":{"self":[{"href":"https:\/\/blogs.elcorreo.com\/inakicerrajeria\/wp-json\/wp\/v2\/posts\/1076"}],"collection":[{"href":"https:\/\/blogs.elcorreo.com\/inakicerrajeria\/wp-json\/wp\/v2\/posts"}],"about":[{"href":"https:\/\/blogs.elcorreo.com\/inakicerrajeria\/wp-json\/wp\/v2\/types\/post"}],"author":[{"embeddable":true,"href":"https:\/\/blogs.elcorreo.com\/inakicerrajeria\/wp-json\/wp\/v2\/users\/41"}],"replies":[{"embeddable":true,"href":"https:\/\/blogs.elcorreo.com\/inakicerrajeria\/wp-json\/wp\/v2\/comments?post=1076"}],"version-history":[{"count":0,"href":"https:\/\/blogs.elcorreo.com\/inakicerrajeria\/wp-json\/wp\/v2\/posts\/1076\/revisions"}],"wp:attachment":[{"href":"https:\/\/blogs.elcorreo.com\/inakicerrajeria\/wp-json\/wp\/v2\/media?parent=1076"}],"wp:term":[{"taxonomy":"category","embeddable":true,"href":"https:\/\/blogs.elcorreo.com\/inakicerrajeria\/wp-json\/wp\/v2\/categories?post=1076"},{"taxonomy":"post_tag","embeddable":true,"href":"https:\/\/blogs.elcorreo.com\/inakicerrajeria\/wp-json\/wp\/v2\/tags?post=1076"}],"curies":[{"name":"wp","href":"https:\/\/api.w.org\/{rel}","templated":true}]}}