{"id":21,"date":"2009-09-21T18:18:00","date_gmt":"2009-09-21T18:18:00","guid":{"rendered":"http:\/\/blogs.elcorreo.com\/igor-gonzalez-de-galdeano\/?p=21"},"modified":"2009-09-21T18:18:00","modified_gmt":"2009-09-21T18:18:00","slug":"haciendo-historia","status":"publish","type":"post","link":"https:\/\/blogs.elcorreo.com\/igor-gonzalez-de-galdeano\/2009\/09\/21\/haciendo-historia\/","title":{"rendered":"Haciendo historia"},"content":{"rendered":"<p>Despu\u00e9s de dieciseis a\u00f1os en el ciclismo profesional, Euskaltel Euskadi ha dado un pasito m\u00e1s en la Vuelta a Espa\u00f1a 2009. Por primera vez en nuestra historia hemos conseguido subir al segundo escal\u00f3n del podio de una gran ronda por etapas. Nadie esperaba este resultado, pero el equipo confiaba al 100% en las opciones de Samuel S\u00e1nchez, nuestro l\u00edder. Es un ciclista muy profesional, que ante los que no le conocen bien puede generar dudas, pero ante los cercanos transmite mucha seguridad en sus posibilidades. Apostamos por la Vuelta a Espa\u00f1a con la confianza de que pod\u00eda ganarla. La cita nos ha dado la raz\u00f3n.<\/p>\n<p>Las diferentes incidencias de carrera hicieron que el d\u00eda de ayer no fuese tan excitante como podr\u00eda haber sido. Los 31 segundos que &#8216;Samu&#8217; le sac\u00f3 a Valverde en la crono de Toledo indican que el campe\u00f3n ol\u00edmpico ten\u00eda mucho que dar y certifican su potencial para una carrera de tres semanas. Tan solo le gan\u00f3 Millar, un especialista que se ha tomado con m\u00e1s tranquilidad las \u00faltimas jornadas de la prueba pensando \u00fanica y exclusivamente en estos 27 kil\u00f3metros, con el ahorro de fuerzas que ello conlleva.<\/p>\n<p>Pienso que es justo reconocer que Euskaltel Euskadi, una formaci\u00f3n diferente a cualquier otra con una filosof\u00eda especial, ha sabido transmitir los valores de un pueblo como Euskadi y una empresa como Euskaltel. El trabajo en equipo, la superaci\u00f3n ante las adversidades, la honestidad en el esfuerzo y la honradez para superar los retos han brillado en una Vuelta en la que d\u00eda a d\u00eda hemos sido capaces de demostrar que este conjunto sigue madurando y mejorando. Los resultados no han sido cuesti\u00f3n de suerte, han sido el fruto del trabajo, entrega y sacrificio por un maillot \u00fanico en el mundo.<\/p>\n<p>Quisiera felicitar a Alejandro Valverde y a Caisse d&#8217;Epargne por su justo triunfo, han completado una gran carrera. Pero sobre todo, quiero hacer una menci\u00f3n especial a Miguel Madariaga, nuestro alma mater. Miguel es el art\u00edfice de este proyecto y, dieciseis a\u00f1os despu\u00e9s de toda esta bonita historia, hoy ver\u00e1 como un ciclista por el que ha apostado siempre y por el que ha dado todo le vuelve a subir al podio de una Vuelta a Espa\u00f1a.<\/p>\n<p>Eskerrik asko Miguel! <\/p>\n<!-- AddThis Advanced Settings generic via filter on the_content --><!-- AddThis Share Buttons generic via filter on the_content -->","protected":false},"excerpt":{"rendered":"<p>Despu\u00e9s de dieciseis a\u00f1os en el ciclismo profesional, Euskaltel Euskadi ha dado un pasito m\u00e1s en la Vuelta a Espa\u00f1a 2009. Por primera vez en nuestra historia hemos conseguido subir al segundo escal\u00f3n del podio de una gran ronda por etapas. Nadie esperaba este resultado, pero el equipo confiaba al 100% en las opciones de [&hellip;]<!-- AddThis Advanced Settings generic via filter on get_the_excerpt --><!-- AddThis Share Buttons generic via filter on get_the_excerpt --><\/p>\n","protected":false},"author":19,"featured_media":0,"comment_status":"open","ping_status":"closed","sticky":false,"template":"","format":"standard","meta":[],"categories":[4],"tags":[8,12],"_links":{"self":[{"href":"https:\/\/blogs.elcorreo.com\/igor-gonzalez-de-galdeano\/wp-json\/wp\/v2\/posts\/21"}],"collection":[{"href":"https:\/\/blogs.elcorreo.com\/igor-gonzalez-de-galdeano\/wp-json\/wp\/v2\/posts"}],"about":[{"href":"https:\/\/blogs.elcorreo.com\/igor-gonzalez-de-galdeano\/wp-json\/wp\/v2\/types\/post"}],"author":[{"embeddable":true,"href":"https:\/\/blogs.elcorreo.com\/igor-gonzalez-de-galdeano\/wp-json\/wp\/v2\/users\/19"}],"replies":[{"embeddable":true,"href":"https:\/\/blogs.elcorreo.com\/igor-gonzalez-de-galdeano\/wp-json\/wp\/v2\/comments?post=21"}],"version-history":[{"count":0,"href":"https:\/\/blogs.elcorreo.com\/igor-gonzalez-de-galdeano\/wp-json\/wp\/v2\/posts\/21\/revisions"}],"wp:attachment":[{"href":"https:\/\/blogs.elcorreo.com\/igor-gonzalez-de-galdeano\/wp-json\/wp\/v2\/media?parent=21"}],"wp:term":[{"taxonomy":"category","embeddable":true,"href":"https:\/\/blogs.elcorreo.com\/igor-gonzalez-de-galdeano\/wp-json\/wp\/v2\/categories?post=21"},{"taxonomy":"post_tag","embeddable":true,"href":"https:\/\/blogs.elcorreo.com\/igor-gonzalez-de-galdeano\/wp-json\/wp\/v2\/tags?post=21"}],"curies":[{"name":"wp","href":"https:\/\/api.w.org\/{rel}","templated":true}]}}