{"id":20,"date":"2009-09-18T18:14:00","date_gmt":"2009-09-18T18:14:00","guid":{"rendered":"http:\/\/blogs.elcorreo.com\/igor-gonzalez-de-galdeano\/?p=20"},"modified":"2009-09-18T18:14:00","modified_gmt":"2009-09-18T18:14:00","slug":"gran-dia-euskaltel-euskadi","status":"publish","type":"post","link":"https:\/\/blogs.elcorreo.com\/igor-gonzalez-de-galdeano\/2009\/09\/18\/gran-dia-euskaltel-euskadi\/","title":{"rendered":"Gran dia de Euskaltel Euskadi"},"content":{"rendered":"<p>Estoy muy satisfecho del desarrollo de la etapa de La Granja. M\u00e1s all\u00e1 del resultado puntual, de colocarnos segundos en la general de manera provisional, me he quedado muy contento por la imagen que hemos dado como conjunto. Euskaltel Euskadi demostr\u00f3 una gran solidez, realiz\u00f3 un excelente trabajo en equipo y exhibi\u00f3 una madurez notable. Los ocho compa\u00f1eros que apoyaron a Samuel S\u00e1nchez para alcanzar el segundo puesto momentaneo lo dieron todo en cada kil\u00f3metro. Sin lugar a dudas, este compromiso de grupo es lo que m\u00e1s valoro del d\u00eda de ayer. Sinceramente, pienso que dimos un paso como equipo.<\/p>\n<p>Salimos de \u00c1vila con la intenci\u00f3n de lanzar la carrera. Asumimos la responsabilidad de imponer un ritmo alto porque para Caisse d&#8217;Epargne era una situaci\u00f3n relativamente c\u00f3moda. Solo ten\u00edan que preocuparse de Samuel, Gesink, Evans y Mosquera. El resto de corredores estaban muy retrasados en la general, as\u00ed que no ten\u00edan grandes problemas con las escapadas y pod\u00edan permitirse marcar un ritmo tranquilo. As\u00ed que la tostada era toda para nosotros&#8230;<\/p>\n<p>Y ah\u00ed surgi\u00f3 una gran escuadra, de sobresaliente. Esta Vuelta nos ha permitido certificar que hemos subido un escal\u00f3n como equipo, que estamos capacitados para luchar por grandes objetivos, como ganar una gran vuelta. Hasta ahora nos desenvolv\u00edamos bien en la b\u00fasqueda de victorias parciales y lograr el top ten, pero esta Vuelta nos ha abierto las puertas a la disputa de una ronda de tres semanas, con un l\u00edder de calidad y veteran\u00eda como Samuel S\u00e1nchez. El reto que nos pusimos en Holanda lo hemos superado, a falta de la crono de hoy. Tener un bloque s\u00f3lido para afrontar este tipo de objetivos me hace mirar el futuro con optimismo.<\/p>\n<p>A falta de la crono, Valverde se postula como justo ganador de la Vuelta 2009. Su equipo ha mostrado un gran poder\u00edo y Valverde ha demostrado que ha madurado como ciclista para poder anotarse el triunfo.<\/p>\n<p>Un dato curioso, para los amantes de la estad\u00edstica. Si miramos en estos momentos la general, ninguno de los ocho primeros de la clasificaci\u00f3n ha logrado conquistar alg\u00fan triunfo de etapa, algo realmente extra\u00f1o. Habr\u00eda que tirar de hemeroteca para encontrar una situaci\u00f3n as\u00ed. Nosotros saldremos hoy a romper esa estad\u00edstica. Si Samu consigue una victoria de etapa y el segundo puesto de la general, habremos completado la mejor ronda por etapas de Euskaltel Euskadi en sus 16 a\u00f1os de historia.<\/p>\n<!-- AddThis Advanced Settings generic via filter on the_content --><!-- AddThis Share Buttons generic via filter on the_content -->","protected":false},"excerpt":{"rendered":"<p>Estoy muy satisfecho del desarrollo de la etapa de La Granja. M\u00e1s all\u00e1 del resultado puntual, de colocarnos segundos en la general de manera provisional, me he quedado muy contento por la imagen que hemos dado como conjunto. Euskaltel Euskadi demostr\u00f3 una gran solidez, realiz\u00f3 un excelente trabajo en equipo y exhibi\u00f3 una madurez notable. [&hellip;]<!-- AddThis Advanced Settings generic via filter on get_the_excerpt --><!-- AddThis Share Buttons generic via filter on get_the_excerpt --><\/p>\n","protected":false},"author":19,"featured_media":0,"comment_status":"open","ping_status":"closed","sticky":false,"template":"","format":"standard","meta":[],"categories":[4],"tags":[],"_links":{"self":[{"href":"https:\/\/blogs.elcorreo.com\/igor-gonzalez-de-galdeano\/wp-json\/wp\/v2\/posts\/20"}],"collection":[{"href":"https:\/\/blogs.elcorreo.com\/igor-gonzalez-de-galdeano\/wp-json\/wp\/v2\/posts"}],"about":[{"href":"https:\/\/blogs.elcorreo.com\/igor-gonzalez-de-galdeano\/wp-json\/wp\/v2\/types\/post"}],"author":[{"embeddable":true,"href":"https:\/\/blogs.elcorreo.com\/igor-gonzalez-de-galdeano\/wp-json\/wp\/v2\/users\/19"}],"replies":[{"embeddable":true,"href":"https:\/\/blogs.elcorreo.com\/igor-gonzalez-de-galdeano\/wp-json\/wp\/v2\/comments?post=20"}],"version-history":[{"count":0,"href":"https:\/\/blogs.elcorreo.com\/igor-gonzalez-de-galdeano\/wp-json\/wp\/v2\/posts\/20\/revisions"}],"wp:attachment":[{"href":"https:\/\/blogs.elcorreo.com\/igor-gonzalez-de-galdeano\/wp-json\/wp\/v2\/media?parent=20"}],"wp:term":[{"taxonomy":"category","embeddable":true,"href":"https:\/\/blogs.elcorreo.com\/igor-gonzalez-de-galdeano\/wp-json\/wp\/v2\/categories?post=20"},{"taxonomy":"post_tag","embeddable":true,"href":"https:\/\/blogs.elcorreo.com\/igor-gonzalez-de-galdeano\/wp-json\/wp\/v2\/tags?post=20"}],"curies":[{"name":"wp","href":"https:\/\/api.w.org\/{rel}","templated":true}]}}