{"id":19,"date":"2009-08-31T18:55:00","date_gmt":"2009-08-31T18:55:00","guid":{"rendered":"http:\/\/blogs.elcorreo.com\/igor-gonzalez-de-galdeano\/?p=19"},"modified":"2009-08-31T18:55:00","modified_gmt":"2009-08-31T18:55:00","slug":"con-mal-pie","status":"publish","type":"post","link":"https:\/\/blogs.elcorreo.com\/igor-gonzalez-de-galdeano\/2009\/08\/31\/con-mal-pie\/","title":{"rendered":"Con mal pie"},"content":{"rendered":"<div><span style=\"color:#000000\" face=\"Arial\" size=\"2\">La jornada que uni\u00f3 Assen y Emenn se  nos hizo un poco larga y el \u00faltimo tramo nos pas\u00f3 factura, justo cuando  pens\u00e1bamos que hab\u00edamos superado lo m\u00e1s complicado. La etapa respond\u00eda al perfil  de una cl\u00e1sica de primavera, con viento, carreteras con muchas isletas y un  tramo de pav\u00e9.  <\/span><span style=\"color:#000000\" face=\"Arial\" size=\"2\">Cuando hab\u00edamos  logrado dejar atr\u00e1s todas estas dificultades sin sufrir ning\u00fan problema, a menos  de tres kil\u00f3metros y medio de meta lleg\u00f3 el error. &#8216;Samu&#8217; se dej\u00f3 caer con la  intenci\u00f3n de evitar accidentes, pero esta operaci\u00f3n se nos torci\u00f3 cuando hubo  una ca\u00edda y nos quedamos cortados. <\/span><\/div>\n<div> <\/div>\n<div><span style=\"color:#000000\" face=\"Arial\" size=\"2\">Este percance no tiene mayor  explicaci\u00f3n que el hecho de ser una situaci\u00f3n de carrera. En esta ocasi\u00f3n, somos  conscientes de que no estuvimos acertados. Perdimos 18 valiosos segundos, que  aunque estoy convencido de que no es una diferencia que va a decidir la Vuelta,  siempre es mejor no tener que recuperarlos.<\/span><\/div>\n<div> <\/div>\n<div><span style=\"color:#000000\" face=\"Arial\" size=\"2\">El de ayer fue un d\u00eda muy tenso, hubo  muchas ca\u00eddas y afortunadamente, nosotros no tuvimos problemas en ese sentido.  Las jornadas de hoy y ma\u00f1ana ser\u00e1n parecidas, un estilo de etapa desconocida  para nosotros, en las que no tenemos mucha experiencia. Son trazados nerviosos,  muy complicados, con muchos cruces de 90 grados, diferentes tipos de asfalto con  anchuras variables, reviradas isletas centrales&#8230; Espero que no nos traigan  ning\u00fan disgusto m\u00e1s en forma de p\u00e9rdida de tiempo. <\/span><span style=\"color:#000000\" face=\"Arial\" size=\"2\">Los 18 segundos de ayer no me preocupan, pero s\u00ed es cierto  que esta p\u00e9rdida de tiempo ha sido un error que no debimos cometer, por lo que  no se debe repetir. <\/span><\/div>\n<div> <\/div>\n<div><span style=\"color:#000000\" face=\"Arial\" size=\"2\">Me gustar\u00eda acabar estas l\u00edneas  destacando la cantidad de p\u00fablico que se esta acercando a la carrera. El  circuito de Assen estuvo a rebosar y la jornada de ayer fue espectacular.  Holanda tiene una profunda cultura ciclista, y est\u00e1n volcados con la Vuelta. En  ese sentido, esta visita esta siendo una experiencia maravillosa.<\/span><\/div>\n<!-- AddThis Advanced Settings generic via filter on the_content --><!-- AddThis Share Buttons generic via filter on the_content -->","protected":false},"excerpt":{"rendered":"<p>La jornada que uni\u00f3 Assen y Emenn se nos hizo un poco larga y el \u00faltimo tramo nos pas\u00f3 factura, justo cuando pens\u00e1bamos que hab\u00edamos superado lo m\u00e1s complicado. La etapa respond\u00eda al perfil de una cl\u00e1sica de primavera, con viento, carreteras con muchas isletas y un tramo de pav\u00e9. Cuando hab\u00edamos logrado dejar atr\u00e1s [&hellip;]<!-- AddThis Advanced Settings generic via filter on get_the_excerpt --><!-- AddThis Share Buttons generic via filter on get_the_excerpt --><\/p>\n","protected":false},"author":19,"featured_media":0,"comment_status":"open","ping_status":"closed","sticky":false,"template":"","format":"standard","meta":[],"categories":[4],"tags":[7,8,9,12],"_links":{"self":[{"href":"https:\/\/blogs.elcorreo.com\/igor-gonzalez-de-galdeano\/wp-json\/wp\/v2\/posts\/19"}],"collection":[{"href":"https:\/\/blogs.elcorreo.com\/igor-gonzalez-de-galdeano\/wp-json\/wp\/v2\/posts"}],"about":[{"href":"https:\/\/blogs.elcorreo.com\/igor-gonzalez-de-galdeano\/wp-json\/wp\/v2\/types\/post"}],"author":[{"embeddable":true,"href":"https:\/\/blogs.elcorreo.com\/igor-gonzalez-de-galdeano\/wp-json\/wp\/v2\/users\/19"}],"replies":[{"embeddable":true,"href":"https:\/\/blogs.elcorreo.com\/igor-gonzalez-de-galdeano\/wp-json\/wp\/v2\/comments?post=19"}],"version-history":[{"count":0,"href":"https:\/\/blogs.elcorreo.com\/igor-gonzalez-de-galdeano\/wp-json\/wp\/v2\/posts\/19\/revisions"}],"wp:attachment":[{"href":"https:\/\/blogs.elcorreo.com\/igor-gonzalez-de-galdeano\/wp-json\/wp\/v2\/media?parent=19"}],"wp:term":[{"taxonomy":"category","embeddable":true,"href":"https:\/\/blogs.elcorreo.com\/igor-gonzalez-de-galdeano\/wp-json\/wp\/v2\/categories?post=19"},{"taxonomy":"post_tag","embeddable":true,"href":"https:\/\/blogs.elcorreo.com\/igor-gonzalez-de-galdeano\/wp-json\/wp\/v2\/tags?post=19"}],"curies":[{"name":"wp","href":"https:\/\/api.w.org\/{rel}","templated":true}]}}