{"id":18,"date":"2009-08-31T09:54:00","date_gmt":"2009-08-31T09:54:00","guid":{"rendered":"http:\/\/blogs.elcorreo.com\/igor-gonzalez-de-galdeano\/?p=18"},"modified":"2009-08-31T09:54:00","modified_gmt":"2009-08-31T09:54:00","slug":"las-inclemencias-del-tiempo","status":"publish","type":"post","link":"https:\/\/blogs.elcorreo.com\/igor-gonzalez-de-galdeano\/2009\/08\/31\/las-inclemencias-del-tiempo\/","title":{"rendered":"Las inclemencias del tiempo"},"content":{"rendered":"<p>La contra-reloj de 4,8 kil\u00f3metros de recorrido con la que dio comienzo la <A href=\"http:\/\/especiales.elcorreo.com\/vuelta-espana\/\" title=\"http:\/\/especiales.elcorreodigital.com\/vuelta-espana\/\" id=\"link_0\">Vuelta a Espa\u00f1a 2009<\/a>  en el circuito de Assen no trajo consigo ninguna sorpresa. Gan\u00f3 el indiscutible n\u00famero uno en pr\u00f3logos, Fabian Cancellara. El suizo fue muy superior y super\u00f3 a sus rivales como lo hace <A href=\"http:\/\/www.vamosacorrer.com\" title=\"http:\/\/www.vamosacorrer.com\" id=\"link_2\">Usain Bolt<\/a>  en las carreras de 100 y 200 metros. Su fortaleza en este tipo de pruebas impresiona. En cuanto al resto de candidatos que se manejaban para estar en los primeros puestos, tampoco hubo novedades rese\u00f1ables. Y eso que las condiciones climatol\u00f3gicas hicieron todo lo posible para tratar de alterar alg\u00fan resultado&#8230;<\/p>\n<p>Durante gran parte de la jornada, del kil\u00f3metro 1,5 al 3,5 sopl\u00f3 un fuerte viento de cara, sin lluvia. Este factor siempre es favorable a los m\u00e1s poderosos, pues consiguen seguir moviendo un gran desarrollo pese a la fuerte resistencia del aire. Pero en el momento preciso en el que sal\u00edan I\u00f1aki Isasi y David Millar comenz\u00f3 un tormenta tremenda, con un terrible viento racheado que hac\u00eda casi imposible avanzar. A I\u00f1aki le perjudic\u00f3 bastante este cambio, pero a David Millar le jug\u00f3 una aut\u00e9ntica mala pasada. El escoc\u00e9s, con lluvia, viento e incluso un coche parado en el medio de la calzada por la ca\u00edda de un corredor, acab\u00f3 firmando el cuarto tiempo del d\u00eda. No creo que hubiese marcado mejor registro que Cancellara, pero hubiese finalizado segundo, seguro.<\/p>\n<p>Y una vez pasada la tormenta, el viento se calm\u00f3 y la situaci\u00f3n vari\u00f3 totalmente. En nuestro caso, Rub\u00e9n P\u00e9rez se vio beneficiado, y junto a \u00e9l, el resto de participantes que salieron en ese periodo de tiempo, hasta que volvi\u00f3 la normalidad. La ausencia de viento permiti\u00f3 que esos ciclistas le ganasen 10 segundos al crono pedaleando con la misma fuerza. Si Cancellara sale en ese momento preciso, hubiese marcado un tiempo estratosf\u00e9rico. La conclusi\u00f3n es que gan\u00f3 el m\u00e1s fuerte, pero entre los 20 primeros hubo gente beneficiada por las inclemencias del tiempo, y otros, penalizados.<\/p>\n<p>En cuanto a nuestro l\u00edder, me ha gustado su rendimiento. Quiz\u00e1s haya estado por debajo de lo esperado, pero s\u00f3lo en la clasificaci\u00f3n, no en el tiempo marcado. Ha tenido alg\u00fan percance mec\u00e1nico y ello le ha provocado la p\u00e9rdida de alg\u00fan segundo. Le he visto \u00e1gil, mentalizado, su pedaleo me ha parecido muy seguro y convincente, ha sido lo que m\u00e1s me ha gustado. Los rivales est\u00e1n a la vista, y creo que con el tema de las bonificaciones, Samuel y Valverde, con su punta de velocidad, pueden ser los grandes beneficiados.<\/p>\n<!-- AddThis Advanced Settings generic via filter on the_content --><!-- AddThis Share Buttons generic via filter on the_content -->","protected":false},"excerpt":{"rendered":"<p>La contra-reloj de 4,8 kil\u00f3metros de recorrido con la que dio comienzo la Vuelta a Espa\u00f1a 2009 en el circuito de Assen no trajo consigo ninguna sorpresa. Gan\u00f3 el indiscutible n\u00famero uno en pr\u00f3logos, Fabian Cancellara. El suizo fue muy superior y super\u00f3 a sus rivales como lo hace Usain Bolt en las carreras de [&hellip;]<!-- AddThis Advanced Settings generic via filter on get_the_excerpt --><!-- AddThis Share Buttons generic via filter on get_the_excerpt --><\/p>\n","protected":false},"author":19,"featured_media":0,"comment_status":"open","ping_status":"closed","sticky":false,"template":"","format":"standard","meta":[],"categories":[4],"tags":[8,9,12],"_links":{"self":[{"href":"https:\/\/blogs.elcorreo.com\/igor-gonzalez-de-galdeano\/wp-json\/wp\/v2\/posts\/18"}],"collection":[{"href":"https:\/\/blogs.elcorreo.com\/igor-gonzalez-de-galdeano\/wp-json\/wp\/v2\/posts"}],"about":[{"href":"https:\/\/blogs.elcorreo.com\/igor-gonzalez-de-galdeano\/wp-json\/wp\/v2\/types\/post"}],"author":[{"embeddable":true,"href":"https:\/\/blogs.elcorreo.com\/igor-gonzalez-de-galdeano\/wp-json\/wp\/v2\/users\/19"}],"replies":[{"embeddable":true,"href":"https:\/\/blogs.elcorreo.com\/igor-gonzalez-de-galdeano\/wp-json\/wp\/v2\/comments?post=18"}],"version-history":[{"count":0,"href":"https:\/\/blogs.elcorreo.com\/igor-gonzalez-de-galdeano\/wp-json\/wp\/v2\/posts\/18\/revisions"}],"wp:attachment":[{"href":"https:\/\/blogs.elcorreo.com\/igor-gonzalez-de-galdeano\/wp-json\/wp\/v2\/media?parent=18"}],"wp:term":[{"taxonomy":"category","embeddable":true,"href":"https:\/\/blogs.elcorreo.com\/igor-gonzalez-de-galdeano\/wp-json\/wp\/v2\/categories?post=18"},{"taxonomy":"post_tag","embeddable":true,"href":"https:\/\/blogs.elcorreo.com\/igor-gonzalez-de-galdeano\/wp-json\/wp\/v2\/tags?post=18"}],"curies":[{"name":"wp","href":"https:\/\/api.w.org\/{rel}","templated":true}]}}