{"id":17,"date":"2009-07-20T10:06:00","date_gmt":"2009-07-20T10:06:00","guid":{"rendered":"http:\/\/blogs.elcorreo.com\/igor-gonzalez-de-galdeano\/?p=17"},"modified":"2009-07-20T10:06:00","modified_gmt":"2009-07-20T10:06:00","slug":"superiores","status":"publish","type":"post","link":"https:\/\/blogs.elcorreo.com\/igor-gonzalez-de-galdeano\/2009\/07\/20\/superiores\/","title":{"rendered":"Superiores"},"content":{"rendered":"<p> La verdad es que es muy dif\u00edcil saber exactamente que es lo que se cuece dentro  del equipo que est\u00e1 dominando el Tour de Francia, el Astana. Se habla mucho, se  pregunta otro tanto, se opina una barbaridad, pero la verdad s\u00f3lo la saben los  miembros de ese conjunto. Vivir un Tour de esta manera tiene que ser terrible.  Ya de por si es una carrera estresante y muy complicada, con mucha presi\u00f3n  medi\u00e1tica, como para que encima tengas cuestiones internas que todo el mundo  comente en cualquier tertulia de ciclismo.<\/p>\n<p> Pero lo que tambi\u00e9n es cierto es que, independientemente de los  supuestos problemas, el Astana tiene a Contador en primera plaza, a Amstrong en  segunda y a Kloden en tercera con la ley del m\u00ednimo esfuerzo. Pienso que tienen  las fuerzas intactas en relaci\u00f3n a lo que llevan conseguido. No esta nada mal,  ya lo quisiera para nosotros.<\/p>\n<p> Nosotros estamos completando una buena actuaci\u00f3n. Ayer fue Mikel Astarloza el  que demostr\u00f3 que estamos muy enchufados a la carrera. Una salida nerviosa y  complicada hizo que Mikel se moviese. El de Pasaia se esta encontrando bien y no  se puede aguantar&#8230; En el autob\u00fas les dije que el de Verbier no era el d\u00eda m\u00e1s  propicio para aventuras. Era la jornada de los hombres fuertes de la carrera, de  los favoritos al podio, y que ellos iban a ser quienes comandaran la prueba,  pero al final entramos en la pelea y algo de beneficio sacamos. Mikel no gast\u00f3  excesivamente y pienso que se quit\u00f3 un inicio del puerto final muy r\u00e1pido que no  se acomoda a sus caracter\u00edsticas. <\/p>\n<p> En el alto de Verbier vimos que todo el equipo est\u00e1 bien y que cada d\u00eda nos  esforzamos por conseguir alg\u00fan premio. Seguiremos buscando esa victoria, e Igor  Anton creo que va a entrar ya en faena. Hoy no ha estado mal, pero creo que  puede y debe estar mejor. <\/p>\n<p>Estar para ganar.<\/p>\n<!-- AddThis Advanced Settings generic via filter on the_content --><!-- AddThis Share Buttons generic via filter on the_content -->","protected":false},"excerpt":{"rendered":"<p>La verdad es que es muy dif\u00edcil saber exactamente que es lo que se cuece dentro del equipo que est\u00e1 dominando el Tour de Francia, el Astana. Se habla mucho, se pregunta otro tanto, se opina una barbaridad, pero la verdad s\u00f3lo la saben los miembros de ese conjunto. Vivir un Tour de esta manera [&hellip;]<!-- AddThis Advanced Settings generic via filter on get_the_excerpt --><!-- AddThis Share Buttons generic via filter on get_the_excerpt --><\/p>\n","protected":false},"author":19,"featured_media":0,"comment_status":"open","ping_status":"closed","sticky":false,"template":"","format":"standard","meta":[],"categories":[2,3],"tags":[6,9,10,11],"_links":{"self":[{"href":"https:\/\/blogs.elcorreo.com\/igor-gonzalez-de-galdeano\/wp-json\/wp\/v2\/posts\/17"}],"collection":[{"href":"https:\/\/blogs.elcorreo.com\/igor-gonzalez-de-galdeano\/wp-json\/wp\/v2\/posts"}],"about":[{"href":"https:\/\/blogs.elcorreo.com\/igor-gonzalez-de-galdeano\/wp-json\/wp\/v2\/types\/post"}],"author":[{"embeddable":true,"href":"https:\/\/blogs.elcorreo.com\/igor-gonzalez-de-galdeano\/wp-json\/wp\/v2\/users\/19"}],"replies":[{"embeddable":true,"href":"https:\/\/blogs.elcorreo.com\/igor-gonzalez-de-galdeano\/wp-json\/wp\/v2\/comments?post=17"}],"version-history":[{"count":0,"href":"https:\/\/blogs.elcorreo.com\/igor-gonzalez-de-galdeano\/wp-json\/wp\/v2\/posts\/17\/revisions"}],"wp:attachment":[{"href":"https:\/\/blogs.elcorreo.com\/igor-gonzalez-de-galdeano\/wp-json\/wp\/v2\/media?parent=17"}],"wp:term":[{"taxonomy":"category","embeddable":true,"href":"https:\/\/blogs.elcorreo.com\/igor-gonzalez-de-galdeano\/wp-json\/wp\/v2\/categories?post=17"},{"taxonomy":"post_tag","embeddable":true,"href":"https:\/\/blogs.elcorreo.com\/igor-gonzalez-de-galdeano\/wp-json\/wp\/v2\/tags?post=17"}],"curies":[{"name":"wp","href":"https:\/\/api.w.org\/{rel}","templated":true}]}}