{"id":16,"date":"2009-07-17T09:57:00","date_gmt":"2009-07-17T09:57:00","guid":{"rendered":"http:\/\/blogs.elcorreo.com\/igor-gonzalez-de-galdeano\/?p=16"},"modified":"2009-07-17T09:57:00","modified_gmt":"2009-07-17T09:57:00","slug":"toca-desayunar-fuerte","status":"publish","type":"post","link":"https:\/\/blogs.elcorreo.com\/igor-gonzalez-de-galdeano\/2009\/07\/17\/toca-desayunar-fuerte\/","title":{"rendered":"Toca desayunar fuerte"},"content":{"rendered":"<div dir=\"ltr\"><font size=\"3\" face=\"Times New Roman\"><span style=\"font-size: 12pt;\">Hoy nos toca una etapa complicada entre Vittel y Colmar.  Sobre el perfil parece una jornada dif\u00edcil y pienso que as\u00ed ser\u00e1. Las tres  dificultades monta\u00f1osas son de entidad y la fuga se har\u00e1 por fuerza, con el  recorrido que tenemos no habr\u00e1 sorpresas entre los fugados. Nosotros estaremos  atentos y combativos, como siempre. <\/p>\n<p>Ayer Egoi repiti\u00f3 quinto puesto en la etapa,  significa que estamos atentos y que trataremos de aprovechar todas las  oportunidades. Esta noche ha caido una buena tromba de agua y el ambiente est\u00e1  m\u00e1s fresco. Los calores de esta semana desaparacer\u00e1n en el fin de semana. Un  factor m\u00e1s a tener en cuenta.<br \/>\n<\/span><\/span><\/div>\n<!-- AddThis Advanced Settings generic via filter on the_content --><!-- AddThis Share Buttons generic via filter on the_content -->","protected":false},"excerpt":{"rendered":"<p>Hoy nos toca una etapa complicada entre Vittel y Colmar. Sobre el perfil parece una jornada dif\u00edcil y pienso que as\u00ed ser\u00e1. Las tres dificultades monta\u00f1osas son de entidad y la fuga se har\u00e1 por fuerza, con el recorrido que tenemos no habr\u00e1 sorpresas entre los fugados. Nosotros estaremos atentos y combativos, como siempre. Ayer [&hellip;]<!-- AddThis Advanced Settings generic via filter on get_the_excerpt --><!-- AddThis Share Buttons generic via filter on get_the_excerpt --><\/p>\n","protected":false},"author":19,"featured_media":0,"comment_status":"open","ping_status":"closed","sticky":false,"template":"","format":"standard","meta":[],"categories":[2,3],"tags":[11],"_links":{"self":[{"href":"https:\/\/blogs.elcorreo.com\/igor-gonzalez-de-galdeano\/wp-json\/wp\/v2\/posts\/16"}],"collection":[{"href":"https:\/\/blogs.elcorreo.com\/igor-gonzalez-de-galdeano\/wp-json\/wp\/v2\/posts"}],"about":[{"href":"https:\/\/blogs.elcorreo.com\/igor-gonzalez-de-galdeano\/wp-json\/wp\/v2\/types\/post"}],"author":[{"embeddable":true,"href":"https:\/\/blogs.elcorreo.com\/igor-gonzalez-de-galdeano\/wp-json\/wp\/v2\/users\/19"}],"replies":[{"embeddable":true,"href":"https:\/\/blogs.elcorreo.com\/igor-gonzalez-de-galdeano\/wp-json\/wp\/v2\/comments?post=16"}],"version-history":[{"count":0,"href":"https:\/\/blogs.elcorreo.com\/igor-gonzalez-de-galdeano\/wp-json\/wp\/v2\/posts\/16\/revisions"}],"wp:attachment":[{"href":"https:\/\/blogs.elcorreo.com\/igor-gonzalez-de-galdeano\/wp-json\/wp\/v2\/media?parent=16"}],"wp:term":[{"taxonomy":"category","embeddable":true,"href":"https:\/\/blogs.elcorreo.com\/igor-gonzalez-de-galdeano\/wp-json\/wp\/v2\/categories?post=16"},{"taxonomy":"post_tag","embeddable":true,"href":"https:\/\/blogs.elcorreo.com\/igor-gonzalez-de-galdeano\/wp-json\/wp\/v2\/tags?post=16"}],"curies":[{"name":"wp","href":"https:\/\/api.w.org\/{rel}","templated":true}]}}