{"id":15,"date":"2009-07-15T09:56:00","date_gmt":"2009-07-15T09:56:00","guid":{"rendered":"http:\/\/blogs.elcorreo.com\/igor-gonzalez-de-galdeano\/?p=15"},"modified":"2009-07-15T09:56:00","modified_gmt":"2009-07-15T09:56:00","slug":"dia-tranquilo-euskaltel-euskadi","status":"publish","type":"post","link":"https:\/\/blogs.elcorreo.com\/igor-gonzalez-de-galdeano\/2009\/07\/15\/dia-tranquilo-euskaltel-euskadi\/","title":{"rendered":"D\u00eda tranquilo para Euskaltel Euskadi"},"content":{"rendered":"<div dir=\"ltr\"><font size=\"3\" face=\"Times New Roman\"><span style=\"font-size: 12pt;\">El d\u00eda ha transcurrido sin sobresaltos para nosotros.  Rub\u00e9n P\u00e9rez ha sido el \u00fanico que se ha visto involucrado en la caida del inicio  de la etapa, pero sin ning\u00fan contratiempo, como lo demuestra el hecho de que se  haya metido en la disputa del sprint final. La verdad es que ha sido una jornada  muy tranquila y no hay mucho que rese\u00f1ar. Columbia tiene a Cavendish muy fuerte  y no ha perdonado. Hasta que la orograf\u00eda no lo permita, no s\u00e9 si habr\u00e1 muchas  alternativas. <\/span><\/span><\/div>\n<!-- AddThis Advanced Settings generic via filter on the_content --><!-- AddThis Share Buttons generic via filter on the_content -->","protected":false},"excerpt":{"rendered":"<p>El d\u00eda ha transcurrido sin sobresaltos para nosotros. Rub\u00e9n P\u00e9rez ha sido el \u00fanico que se ha visto involucrado en la caida del inicio de la etapa, pero sin ning\u00fan contratiempo, como lo demuestra el hecho de que se haya metido en la disputa del sprint final. La verdad es que ha sido una jornada [&hellip;]<!-- AddThis Advanced Settings generic via filter on get_the_excerpt --><!-- AddThis Share Buttons generic via filter on get_the_excerpt --><\/p>\n","protected":false},"author":19,"featured_media":0,"comment_status":"open","ping_status":"closed","sticky":false,"template":"","format":"standard","meta":[],"categories":[2,3],"tags":[11],"_links":{"self":[{"href":"https:\/\/blogs.elcorreo.com\/igor-gonzalez-de-galdeano\/wp-json\/wp\/v2\/posts\/15"}],"collection":[{"href":"https:\/\/blogs.elcorreo.com\/igor-gonzalez-de-galdeano\/wp-json\/wp\/v2\/posts"}],"about":[{"href":"https:\/\/blogs.elcorreo.com\/igor-gonzalez-de-galdeano\/wp-json\/wp\/v2\/types\/post"}],"author":[{"embeddable":true,"href":"https:\/\/blogs.elcorreo.com\/igor-gonzalez-de-galdeano\/wp-json\/wp\/v2\/users\/19"}],"replies":[{"embeddable":true,"href":"https:\/\/blogs.elcorreo.com\/igor-gonzalez-de-galdeano\/wp-json\/wp\/v2\/comments?post=15"}],"version-history":[{"count":0,"href":"https:\/\/blogs.elcorreo.com\/igor-gonzalez-de-galdeano\/wp-json\/wp\/v2\/posts\/15\/revisions"}],"wp:attachment":[{"href":"https:\/\/blogs.elcorreo.com\/igor-gonzalez-de-galdeano\/wp-json\/wp\/v2\/media?parent=15"}],"wp:term":[{"taxonomy":"category","embeddable":true,"href":"https:\/\/blogs.elcorreo.com\/igor-gonzalez-de-galdeano\/wp-json\/wp\/v2\/categories?post=15"},{"taxonomy":"post_tag","embeddable":true,"href":"https:\/\/blogs.elcorreo.com\/igor-gonzalez-de-galdeano\/wp-json\/wp\/v2\/tags?post=15"}],"curies":[{"name":"wp","href":"https:\/\/api.w.org\/{rel}","templated":true}]}}