{"id":14,"date":"2009-07-12T09:55:00","date_gmt":"2009-07-12T09:55:00","guid":{"rendered":"http:\/\/blogs.elcorreo.com\/igor-gonzalez-de-galdeano\/?p=14"},"modified":"2009-07-12T09:55:00","modified_gmt":"2009-07-12T09:55:00","slug":"objetivo-cumplido","status":"publish","type":"post","link":"https:\/\/blogs.elcorreo.com\/igor-gonzalez-de-galdeano\/2009\/07\/12\/objetivo-cumplido\/","title":{"rendered":"Objetivo cumplido"},"content":{"rendered":"<div dir=\"ltr\"><font size=\"3\" face=\"Times New Roman\"><span style=\"font-size: 12pt;\">Hemos cubierto algo menos de la mitad del Tour de  Francia y hemos cumplido uno de los objetivos que nos marcamos antes de viajar a  M\u00f3naco. El objetivo oficial es el de ganar una etapa, que se nos resiste desde  2003. Pero tambi\u00e9n tenemos otro reto interno. \u00bfC\u00faal es? Conseguir el maillot de  la monta\u00f1a, el jersey blanco adornado con lunares rojos, una prenda hist\u00f3rica  que te distingue como el mejor escalador del Tour de Francia y te otorga un  prestigio enorme. Es cierto que no pens\u00e1bamos hacerlo con Egoi Mart\u00ednez, nuestra  baza era Igor Ant\u00f3n. Pero la carrera ha sido quien ha puesto al navarro en ese  lugar de privilegio, gracias a su combatividad, esfuerzo y constancia. El equipo  se ha volcado en este logro, y en el Aspin y Tourmalet, vimos a un Amets  Txurruka inmenso.<\/p>\n<p>Hoy toca jornada de descanso y reflexi\u00f3n. Estamos en  un tranquilo hotel de Limoges y toca recuperar fuerzas, que nos har\u00e1n falta m\u00e1s  adelante. Pienso que estamos haciendo una gran carrera y m\u00e1s no se nos puede  pedir. Nuestra exigencia sigue siendo lograr un triunfo de etapa. Con el  entusiasmo que estamos mostrando en carrera tiene que llegar, tarde o temprano.  Los ciclistas est\u00e1n animados y son conscientes de su responsabilidad.<\/p>\n<p>El  Tour ha salido abierto de los Pirineos, pero Astana lo tiene estrangulado. No ha  gastado m\u00e1s de lo necesario y tiene a cuatro hombres entre los seis primeros de  la general, no esta mal&#8230; Rinaldo Nocentini lleva el maillot amarillo, pero el  patr\u00f3n de la carrera es Astana y son los kazakos quienes bailar\u00e1n el agua hasta  el final. Salvo sorpresa may\u00fascula, no veo a nadie que les pueda hacer frente,  est\u00e1n mostrando una gran solidez.<\/span><\/span><\/div>\n<!-- AddThis Advanced Settings generic via filter on the_content --><!-- AddThis Share Buttons generic via filter on the_content -->","protected":false},"excerpt":{"rendered":"<p>Hemos cubierto algo menos de la mitad del Tour de Francia y hemos cumplido uno de los objetivos que nos marcamos antes de viajar a M\u00f3naco. El objetivo oficial es el de ganar una etapa, que se nos resiste desde 2003. Pero tambi\u00e9n tenemos otro reto interno. \u00bfC\u00faal es? Conseguir el maillot de la monta\u00f1a, [&hellip;]<!-- AddThis Advanced Settings generic via filter on get_the_excerpt --><!-- AddThis Share Buttons generic via filter on get_the_excerpt --><\/p>\n","protected":false},"author":19,"featured_media":0,"comment_status":"open","ping_status":"closed","sticky":false,"template":"","format":"standard","meta":[],"categories":[2,3],"tags":[9,11],"_links":{"self":[{"href":"https:\/\/blogs.elcorreo.com\/igor-gonzalez-de-galdeano\/wp-json\/wp\/v2\/posts\/14"}],"collection":[{"href":"https:\/\/blogs.elcorreo.com\/igor-gonzalez-de-galdeano\/wp-json\/wp\/v2\/posts"}],"about":[{"href":"https:\/\/blogs.elcorreo.com\/igor-gonzalez-de-galdeano\/wp-json\/wp\/v2\/types\/post"}],"author":[{"embeddable":true,"href":"https:\/\/blogs.elcorreo.com\/igor-gonzalez-de-galdeano\/wp-json\/wp\/v2\/users\/19"}],"replies":[{"embeddable":true,"href":"https:\/\/blogs.elcorreo.com\/igor-gonzalez-de-galdeano\/wp-json\/wp\/v2\/comments?post=14"}],"version-history":[{"count":0,"href":"https:\/\/blogs.elcorreo.com\/igor-gonzalez-de-galdeano\/wp-json\/wp\/v2\/posts\/14\/revisions"}],"wp:attachment":[{"href":"https:\/\/blogs.elcorreo.com\/igor-gonzalez-de-galdeano\/wp-json\/wp\/v2\/media?parent=14"}],"wp:term":[{"taxonomy":"category","embeddable":true,"href":"https:\/\/blogs.elcorreo.com\/igor-gonzalez-de-galdeano\/wp-json\/wp\/v2\/categories?post=14"},{"taxonomy":"post_tag","embeddable":true,"href":"https:\/\/blogs.elcorreo.com\/igor-gonzalez-de-galdeano\/wp-json\/wp\/v2\/tags?post=14"}],"curies":[{"name":"wp","href":"https:\/\/api.w.org\/{rel}","templated":true}]}}