{"id":13,"date":"2009-07-11T11:47:00","date_gmt":"2009-07-11T11:47:00","guid":{"rendered":"http:\/\/blogs.elcorreo.com\/igor-gonzalez-de-galdeano\/?p=13"},"modified":"2009-07-11T11:47:00","modified_gmt":"2009-07-11T11:47:00","slug":"bruyneel-pensante","status":"publish","type":"post","link":"https:\/\/blogs.elcorreo.com\/igor-gonzalez-de-galdeano\/2009\/07\/11\/bruyneel-pensante\/","title":{"rendered":"Bruyneel pensante"},"content":{"rendered":"<p>Hemos cubierto una semana de carrera. Por lo que he visto hasta este momento, deduzco que Astana intenta que Amstrong llegue lo m\u00e1s lejos posible y pueda vestirse de amarillo, con todo lo que ello supondr\u00eda. Aunque sea un solo d\u00eda. Bruyneel piensa en eso m\u00e1s que en Contador, aunque sepa que el Tour lo va a ganar el de Pinto. Johan es un hombre con experiencia, y su mirada esta puesta en ganar el Tour, ese es el objetivo claro, ya sea con Contador, con Amstrong o con quien sea&#8230; La cuesti\u00f3n es que sea un corredor del Astana.<\/p>\n<p>En la etapa de Ordino-Arcalis, si Amstrong esta como hace cuatro a\u00f1os, Astana controla la carrera y gana el americano. Pero por precauci\u00f3n, porque el Tour no ha hecho m\u00e1s que empezar, decidieron no entrar en la pelea de la victoria de etapa y mantener a cuatro ciclistas del conjunto entre los seis primeros de la general. <\/p>\n<p>Conclusi\u00f3n: es el equipo m\u00e1s fuerte y Johan es el director que m\u00e1s Tours ha ganado, tiene una gran esperiencia en estas lides. En teor\u00eda, lo tiene todo.<\/p>\n<!-- AddThis Advanced Settings generic via filter on the_content --><!-- AddThis Share Buttons generic via filter on the_content -->","protected":false},"excerpt":{"rendered":"<p>Hemos cubierto una semana de carrera. Por lo que he visto hasta este momento, deduzco que Astana intenta que Amstrong llegue lo m\u00e1s lejos posible y pueda vestirse de amarillo, con todo lo que ello supondr\u00eda. Aunque sea un solo d\u00eda. Bruyneel piensa en eso m\u00e1s que en Contador, aunque sepa que el Tour lo [&hellip;]<!-- AddThis Advanced Settings generic via filter on get_the_excerpt --><!-- AddThis Share Buttons generic via filter on get_the_excerpt --><\/p>\n","protected":false},"author":19,"featured_media":0,"comment_status":"open","ping_status":"closed","sticky":false,"template":"","format":"standard","meta":[],"categories":[2],"tags":[5,6,9,11],"_links":{"self":[{"href":"https:\/\/blogs.elcorreo.com\/igor-gonzalez-de-galdeano\/wp-json\/wp\/v2\/posts\/13"}],"collection":[{"href":"https:\/\/blogs.elcorreo.com\/igor-gonzalez-de-galdeano\/wp-json\/wp\/v2\/posts"}],"about":[{"href":"https:\/\/blogs.elcorreo.com\/igor-gonzalez-de-galdeano\/wp-json\/wp\/v2\/types\/post"}],"author":[{"embeddable":true,"href":"https:\/\/blogs.elcorreo.com\/igor-gonzalez-de-galdeano\/wp-json\/wp\/v2\/users\/19"}],"replies":[{"embeddable":true,"href":"https:\/\/blogs.elcorreo.com\/igor-gonzalez-de-galdeano\/wp-json\/wp\/v2\/comments?post=13"}],"version-history":[{"count":0,"href":"https:\/\/blogs.elcorreo.com\/igor-gonzalez-de-galdeano\/wp-json\/wp\/v2\/posts\/13\/revisions"}],"wp:attachment":[{"href":"https:\/\/blogs.elcorreo.com\/igor-gonzalez-de-galdeano\/wp-json\/wp\/v2\/media?parent=13"}],"wp:term":[{"taxonomy":"category","embeddable":true,"href":"https:\/\/blogs.elcorreo.com\/igor-gonzalez-de-galdeano\/wp-json\/wp\/v2\/categories?post=13"},{"taxonomy":"post_tag","embeddable":true,"href":"https:\/\/blogs.elcorreo.com\/igor-gonzalez-de-galdeano\/wp-json\/wp\/v2\/tags?post=13"}],"curies":[{"name":"wp","href":"https:\/\/api.w.org\/{rel}","templated":true}]}}