{"id":11,"date":"2009-07-05T13:39:00","date_gmt":"2009-07-05T13:39:00","guid":{"rendered":"http:\/\/blogs.elcorreo.com\/igor-gonzalez-de-galdeano\/?p=11"},"modified":"2009-07-05T13:39:00","modified_gmt":"2009-07-05T13:39:00","slug":"monaco-quedo-atras","status":"publish","type":"post","link":"https:\/\/blogs.elcorreo.com\/igor-gonzalez-de-galdeano\/2009\/07\/05\/monaco-quedo-atras\/","title":{"rendered":"M\u00f3naco qued\u00f3 atr\u00e1s"},"content":{"rendered":"<p>La salida del Tour de Francia 2009 en el Principado de M\u00f3naco ha sido espectacular. Posiblemente, en ning\u00fan lugar del planeta haya tanta concentraci\u00f3n de riqueza. Incontables veh\u00edculos de lujo, flamantes yates de v\u00e9rtigo, un desaforado culto al cuerpo, piedras preciosas adornando cuellos y mu\u00f1ecas por doquier&#8230; La crisis no ha llegado a este enclave situado en la frontera que zigzagueando por la costa separa Francia e Italia.<\/p>\n<p>La organizaci\u00f3n nos ha alojado en un hotel de alto nivel. Playa privada, piscina de burbujas, aparcacoches y servicio de maletas&#8230; Unas facilidades y atenciones a las que no estamos acostumbrados. Tambi\u00e9n ha habido alg\u00fan inconveniente, sobre todo monetario. Un caf\u00e9 con leche costaba siete euros, la conexi\u00f3n a internet 60 c\u00e9ntimos el minuto&#8230; Peajes por estar alojados en una complejo tan exclusivo, que por cierto compartimos con el piloto de F\u00f3rmula Uno Fernando Alonso y en el que una noche cenamos en una sala contigua a la terraza en la que el archiconocido Alberto de M\u00f3naco regalaba sonrisas en la presentaci\u00f3n de un reloj de quilates&#8230; <\/p>\n<p>En estos d\u00edas previos al inicio de la Grande Boucle nos han visitado numerosos patrocinadores, a los que desde estas l\u00edneas quiero agradecer su \u00e1nimo y apoyo. Para nosotros es muy importante sentirnos tan respaldados cuando afrontamos el mayor reto del a\u00f1o. Nos hemos puesto una meta ambiciosa, conquistar una etapa, y lucharemos por ello hasta conseguirlo.<\/p>\n<p>El ambiente del grupo es excelente. Hemos realizado numerosos entrenamientos en grupo para llegar a esta cita los m\u00e1s unidos posible. Estas sesiones de trabajo no han buscado solo el acumular kil\u00f3metros en las piernas a mucha intensidad, sino pasar m\u00e1s rato juntos, crear complicidades que luego en carrera se transmitan en el funcionamiento como un aut\u00e9ntico bloque sin fisuras. Creo que lo hemos conseguido. La etapa de Brignoles ha sido dura para nosotros por las ca\u00eddas, pero estoy convencido de que nos vamos a reponer.<\/p>\n<!-- AddThis Advanced Settings generic via filter on the_content --><!-- AddThis Share Buttons generic via filter on the_content -->","protected":false},"excerpt":{"rendered":"<p>La salida del Tour de Francia 2009 en el Principado de M\u00f3naco ha sido espectacular. Posiblemente, en ning\u00fan lugar del planeta haya tanta concentraci\u00f3n de riqueza. Incontables veh\u00edculos de lujo, flamantes yates de v\u00e9rtigo, un desaforado culto al cuerpo, piedras preciosas adornando cuellos y mu\u00f1ecas por doquier&#8230; La crisis no ha llegado a este enclave [&hellip;]<!-- AddThis Advanced Settings generic via filter on get_the_excerpt --><!-- AddThis Share Buttons generic via filter on get_the_excerpt --><\/p>\n","protected":false},"author":19,"featured_media":0,"comment_status":"open","ping_status":"closed","sticky":false,"template":"","format":"standard","meta":[],"categories":[2],"tags":[6,9,11],"_links":{"self":[{"href":"https:\/\/blogs.elcorreo.com\/igor-gonzalez-de-galdeano\/wp-json\/wp\/v2\/posts\/11"}],"collection":[{"href":"https:\/\/blogs.elcorreo.com\/igor-gonzalez-de-galdeano\/wp-json\/wp\/v2\/posts"}],"about":[{"href":"https:\/\/blogs.elcorreo.com\/igor-gonzalez-de-galdeano\/wp-json\/wp\/v2\/types\/post"}],"author":[{"embeddable":true,"href":"https:\/\/blogs.elcorreo.com\/igor-gonzalez-de-galdeano\/wp-json\/wp\/v2\/users\/19"}],"replies":[{"embeddable":true,"href":"https:\/\/blogs.elcorreo.com\/igor-gonzalez-de-galdeano\/wp-json\/wp\/v2\/comments?post=11"}],"version-history":[{"count":0,"href":"https:\/\/blogs.elcorreo.com\/igor-gonzalez-de-galdeano\/wp-json\/wp\/v2\/posts\/11\/revisions"}],"wp:attachment":[{"href":"https:\/\/blogs.elcorreo.com\/igor-gonzalez-de-galdeano\/wp-json\/wp\/v2\/media?parent=11"}],"wp:term":[{"taxonomy":"category","embeddable":true,"href":"https:\/\/blogs.elcorreo.com\/igor-gonzalez-de-galdeano\/wp-json\/wp\/v2\/categories?post=11"},{"taxonomy":"post_tag","embeddable":true,"href":"https:\/\/blogs.elcorreo.com\/igor-gonzalez-de-galdeano\/wp-json\/wp\/v2\/tags?post=11"}],"curies":[{"name":"wp","href":"https:\/\/api.w.org\/{rel}","templated":true}]}}