{"id":55,"date":"2009-07-21T19:42:00","date_gmt":"2009-07-21T19:42:00","guid":{"rendered":"http:\/\/blogs.elcorreo.com\/humoyespejos\/?p=55"},"modified":"2009-07-21T19:42:00","modified_gmt":"2009-07-21T19:42:00","slug":"terror-verano","status":"publish","type":"post","link":"https:\/\/blogs.elcorreo.com\/humoyespejos\/2009\/07\/21\/terror-verano\/","title":{"rendered":"Terror en verano"},"content":{"rendered":"<p><IMG class=imgcen id=img_0 style=\"WIDTH: 329px; HEIGHT: 268px\" height=264 src=\"\/humoyespejos\/wp-content\/uploads\/sites\/9\" width=402><br \/>\nRecopilar los libros que uno piensa leer durante las vacaciones es uno de los mejores momentos del verano. Intuyo que es algo similar al placer de un gran cocinero que prepara un banquete exquisito para sus amigos y debe seleccionar los mejores productos y recetas. Uno se recrea pensando en los placeres que faltan por llegar y ah\u00ed est\u00e1 la emoci\u00f3n. <\/p>\n<p>Este a\u00f1o he elegido un buen mont\u00f3n de tomos sobre terror o desastres, reales o ficticios. Me acompa\u00f1an La Sequ\u00eda de Ballard, El Rey Vikram y el vampiro, de Richard Burton, Camino Tortuoso, del guionista de c\u00f3mic Warren Ellis, Salem&#8217;s Lot, de Stephen King y Ahora y siempre, lo \u00faltimo del maestro Bradbury. Esto en cuanto a la ficci\u00f3n. Otro libro de terror que leer\u00e9 es Legado de cenizas, la historia de la Cia.<\/p>\n<p>En vacaciones, el terror es totalmente refrescante, porque no tiene nada que ver con la arena caliente y la crema solar. Es una especie de contraste. Lo g\u00f3tico y lo oscuro no se parecen en nada a una realidad de palmeras y sol deslumbrante. Lo interesante es que si uno se deja llevar por la imaginaci\u00f3n llega a intuir vampiras caminando entre campos de golf nocturnos y fantasmas que otean desde puestos de socorristas abandonados. <\/p>\n<p>Y para la banda sonora, he elegido otro maestro del contraste que me descubri\u00f3 Iciar: Joe Bataan.<\/p>\n<p> <OBJECT  height=344 width=425><PARAM NAME=\"movie\" VALUE=\"http:\/\/www.youtube.com\/v\/DEhoJTLB0-8&#038;hl=es&#038;fs=1&#038;\"><PARAM NAME=\"allowFullScreen\" VALUE=\"true\"><PARAM NAME=\"allowscriptaccess\" VALUE=\"always\"> <embed   src=\"\/\/www.youtube.com\/v\/DEhoJTLB0-8&#038;hl=es&#038;fs=1&#038;\" type=\"application\/x-shockwave-flash\" allowscriptaccess=\"always\" allowfullscreen=\"true\" width=\"425\" height=\"344\"><\/embed><\/OBJECT><br \/>\nY mientras tanto, preparo mi cita con B.B.<\/p>\n<!-- AddThis Advanced Settings generic via filter on the_content --><!-- AddThis Share Buttons generic via filter on the_content -->","protected":false},"excerpt":{"rendered":"<p>Recopilar los libros que uno piensa leer durante las vacaciones es uno de los mejores momentos del verano. Intuyo que es algo similar al placer de un gran cocinero que prepara un banquete exquisito para sus amigos y debe seleccionar los mejores productos y recetas. Uno se recrea pensando en los placeres que faltan por [&hellip;]<!-- AddThis Advanced Settings generic via filter on get_the_excerpt --><!-- AddThis Share Buttons generic via filter on get_the_excerpt --><\/p>\n","protected":false},"author":8,"featured_media":0,"comment_status":"open","ping_status":"closed","sticky":false,"template":"","format":"standard","meta":[],"categories":[2],"tags":[60,110],"_links":{"self":[{"href":"https:\/\/blogs.elcorreo.com\/humoyespejos\/wp-json\/wp\/v2\/posts\/55"}],"collection":[{"href":"https:\/\/blogs.elcorreo.com\/humoyespejos\/wp-json\/wp\/v2\/posts"}],"about":[{"href":"https:\/\/blogs.elcorreo.com\/humoyespejos\/wp-json\/wp\/v2\/types\/post"}],"author":[{"embeddable":true,"href":"https:\/\/blogs.elcorreo.com\/humoyespejos\/wp-json\/wp\/v2\/users\/8"}],"replies":[{"embeddable":true,"href":"https:\/\/blogs.elcorreo.com\/humoyespejos\/wp-json\/wp\/v2\/comments?post=55"}],"version-history":[{"count":0,"href":"https:\/\/blogs.elcorreo.com\/humoyespejos\/wp-json\/wp\/v2\/posts\/55\/revisions"}],"wp:attachment":[{"href":"https:\/\/blogs.elcorreo.com\/humoyespejos\/wp-json\/wp\/v2\/media?parent=55"}],"wp:term":[{"taxonomy":"category","embeddable":true,"href":"https:\/\/blogs.elcorreo.com\/humoyespejos\/wp-json\/wp\/v2\/categories?post=55"},{"taxonomy":"post_tag","embeddable":true,"href":"https:\/\/blogs.elcorreo.com\/humoyespejos\/wp-json\/wp\/v2\/tags?post=55"}],"curies":[{"name":"wp","href":"https:\/\/api.w.org\/{rel}","templated":true}]}}