{"id":42,"date":"2009-04-08T12:38:00","date_gmt":"2009-04-08T12:38:00","guid":{"rendered":"http:\/\/blogs.elcorreo.com\/humoyespejos\/?p=42"},"modified":"2009-04-08T12:38:00","modified_gmt":"2009-04-08T12:38:00","slug":"querida-miss-garbo","status":"publish","type":"post","link":"https:\/\/blogs.elcorreo.com\/humoyespejos\/2009\/04\/08\/querida-miss-garbo\/","title":{"rendered":"Querida Miss Garbo"},"content":{"rendered":"<p><IMG class=imgcen id=img_0 src=\"\/humoyespejos\/wp-content\/uploads\/sites\/9\">&#8220;Querida miss Garbo:<\/p>\n<p>Si ha visto usted el noticiario en el que se reproduce el reciente mot\u00edn de Detroit, en el que me abr\u00ed la cabeza, espero que se haya fijado en m\u00ed. Nunca he trabajado para Ford, pero un amigo m\u00edo me habl\u00f3 de la huelga y, como aquel d\u00eda no ten\u00eda nada que hacer, fui con \u00e9l al escenario del tumulto, donde nos mezclamos con los grupos de obreros que discut\u00edan. Las conversaciones giraban alrededor de los temas m\u00e1s diversos, pero yo no prestaba mucha atenci\u00f3n.<\/p>\n<p>No cre\u00eda que fuera a ocurrir nada, pero cuando vi que llegaban las camionetas con los equipos de los noticiarios, pens\u00e9: &#8220;Aqu\u00ed est\u00e1 mi oportunidad para debutar en el cine, como siempre he deseado&#8221;. As\u00ed, pues, permanec\u00ed por all\u00ed esperando una ocasi\u00f3n propicia. Siempre he sabido que soy fotog\u00e9nico y que no har\u00eda mal papel en la pantalla; por eso me agrad\u00f3 verme d\u00edas despu\u00e9s, aunque a causa del accidente tuve que estar hospitalizado durante una semana.<A id=link_0 title=http:\/\/http:\/\/www.williamsaroyansociety.org\/ href=\"http:\/\/http\/\/www.williamsaroyansociety.org\/\"><\/A><\/p>\n<p>En cuanto me dieron de alta saqu\u00e9 una entrada para un cine en el que sab\u00eda que proyectaban el noticiario donde yo aparec\u00eda. Entr\u00e9 en el local esperando con ansiedad el momento de mi aparici\u00f3n en la pantalla. Estaba magn\u00edfico. Si usted lo vio con atenci\u00f3n, no pudo dejar de verme, porque soy aquel joven de traje azul a quien se le cae el sombrero cuando corre. \u00bfRecuerda? Volv\u00ed a prop\u00f3sito la cabeza para que mi cara saliera con toda claridad, supongo que usted me ver\u00eda sonreir&#8230;<\/p>\n<p>Mi nombre es Felix Otria y mis padres son italianos. Mis facciones son una mezcla de las de Rodolfo Valentino y las de Ronald Coleman. Realmente, me gustar\u00eda asegurarme que Cecil B. de Mille y otro cualquiera de los directores importantes me ha visto y ha comprendido que en m\u00ed hay un magn\u00edfico astro cinematogr\u00e1fico.<\/p>\n<p>En el cine pude ver la parte del mot\u00edn que me perd\u00ed cuando tuve que marcharme, y debo decirle que la cosa debi\u00f3 ser de bastante importancia, puesto que fue preciso recurrir a las mangas de riego, bombas lacrim\u00f3genas y todo lo dem\u00e1s&#8230;Puedo afirmarle con toda sinceridad que ning\u00fan otro hombre, fuese polic\u00eda o paisano, sobresal\u00eda entre la multitud tanto como yo&#8230;Le ruego que mencione este asunto en la compa\u00f1\u00eda en que usted trabaja, para que me env\u00eden a buscar y me hagan una prueba. S\u00e9 que saldr\u00e9 triunfante y le estar\u00e9 agradecido hasta el fin de mis d\u00edas, miss Garbo&#8230;Qui\u00e9n sabe, quiz\u00e1 alg\u00fan d\u00eda, en un futuro pr\u00f3ximo, trabaje junto a usted en el papel principal de cualquier pelicula.<\/p>\n<p>Suyo afect\u00edsimo, F\u00e9lix Otria.&#8221;<\/p>\n<p>Esa carta forma parte de &#8220;El atrevido muchacho del trapecio&#8221;, el primer libro de Willian Saroyan. Fue publicado en 1934, cuando Estados Unidos todav\u00eda no se hab\u00eda recuperado del todo de la Gran Depresi\u00f3n, y narra las vivencias de unos emigrantes que se adaptan como pueden a una sociedad estadounidense en crisis. <\/p>\n<p>A Saroyan ya no se le hace mucho caso, aunque en Espa\u00f1a se han reditado recientemente algunos de sus libros. Quiz\u00e1s, era un optimista y eso a veces da mala imagen en la literatura. De todas formas, me encanta ese cuento-carta porque revela de pronto como no hemos mejorado tanto en 70 a\u00f1os y la pasi\u00f3n por la fama como escape es m\u00e1s vieja que Gran Hermano u Operaci\u00f3n Triunfo. Adem\u00e1s, hay algo conmovedor en el ego\u00edsmo naif de ese emigrante italiano. <\/p>\n<!-- AddThis Advanced Settings generic via filter on the_content --><!-- AddThis Share Buttons generic via filter on the_content -->","protected":false},"excerpt":{"rendered":"<p>&#8220;Querida miss Garbo: Si ha visto usted el noticiario en el que se reproduce el reciente mot\u00edn de Detroit, en el que me abr\u00ed la cabeza, espero que se haya fijado en m\u00ed. Nunca he trabajado para Ford, pero un amigo m\u00edo me habl\u00f3 de la huelga y, como aquel d\u00eda no ten\u00eda nada que [&hellip;]<!-- AddThis Advanced Settings generic via filter on get_the_excerpt --><!-- AddThis Share Buttons generic via filter on get_the_excerpt --><\/p>\n","protected":false},"author":8,"featured_media":0,"comment_status":"open","ping_status":"closed","sticky":false,"template":"","format":"standard","meta":[],"categories":[2],"tags":[93,123],"_links":{"self":[{"href":"https:\/\/blogs.elcorreo.com\/humoyespejos\/wp-json\/wp\/v2\/posts\/42"}],"collection":[{"href":"https:\/\/blogs.elcorreo.com\/humoyespejos\/wp-json\/wp\/v2\/posts"}],"about":[{"href":"https:\/\/blogs.elcorreo.com\/humoyespejos\/wp-json\/wp\/v2\/types\/post"}],"author":[{"embeddable":true,"href":"https:\/\/blogs.elcorreo.com\/humoyespejos\/wp-json\/wp\/v2\/users\/8"}],"replies":[{"embeddable":true,"href":"https:\/\/blogs.elcorreo.com\/humoyespejos\/wp-json\/wp\/v2\/comments?post=42"}],"version-history":[{"count":0,"href":"https:\/\/blogs.elcorreo.com\/humoyespejos\/wp-json\/wp\/v2\/posts\/42\/revisions"}],"wp:attachment":[{"href":"https:\/\/blogs.elcorreo.com\/humoyespejos\/wp-json\/wp\/v2\/media?parent=42"}],"wp:term":[{"taxonomy":"category","embeddable":true,"href":"https:\/\/blogs.elcorreo.com\/humoyespejos\/wp-json\/wp\/v2\/categories?post=42"},{"taxonomy":"post_tag","embeddable":true,"href":"https:\/\/blogs.elcorreo.com\/humoyespejos\/wp-json\/wp\/v2\/tags?post=42"}],"curies":[{"name":"wp","href":"https:\/\/api.w.org\/{rel}","templated":true}]}}