{"id":35,"date":"2009-03-16T17:14:00","date_gmt":"2009-03-16T17:14:00","guid":{"rendered":"http:\/\/blogs.elcorreo.com\/humoyespejos\/?p=35"},"modified":"2009-03-16T17:14:00","modified_gmt":"2009-03-16T17:14:00","slug":"comedia-ajuria-enea","status":"publish","type":"post","link":"https:\/\/blogs.elcorreo.com\/humoyespejos\/2009\/03\/16\/comedia-ajuria-enea\/","title":{"rendered":"Comedia en Ajuria Enea"},"content":{"rendered":"<p><IMG src=\"\/humoyespejos\/wp-content\/uploads\/sites\/9\" id=\"img_0\" class=\"imgcen\" height=\"224\" width=\"421\"><br \/>\nHoy viene en el peri\u00f3dico una joya sobre el cine por obra y gracia de <A href=\"http:\/\/http\/\/www.elcorreo.com\/vizcaya\/20090316\/cultura\/anos-aquella-dulce-vida-20090316.html\" title=\"http:\/\/http:\/\/www.elcorreodigital.com\/vizcaya\/20090316\/cultura\/anos-aquella-dulce-vida-20090316.html\" id=\"link_0\">I\u00f1igo Dom\u00ednguez<\/a> . Son de esas cosas que da gusto leer por la ma\u00f1ana, con un caf\u00e9. Me ha encantado esa reflexi\u00f3n sobre una pel\u00edcula que sabe reflejar un momento hist\u00f3rico de Italia que ya ha desaparecido. Me ha despertado la imaginaci\u00f3n. <\/p>\n<p>En Espa\u00f1a, y seg\u00fan cuenta I\u00f1igo tambi\u00e9n en Italia ahora, el cine transcurre por un camino distinto al de la realidad. La primera reacci\u00f3n, desde luego, es que <A href=\"http:\/\/www.elcorreo.com\/vizcaya\/20090313\/cultura\/espana-cine-20090313.html\" title=\"http:\/\/www.elcorreodigital.com\/vizcaya\/20090313\/cultura\/espana-cine-20090313.html\" id=\"link_1\">el p\u00fablico abandone las salas<\/a> . Me pregunto por qu\u00e9 los guionistas no se dan cuenta de que el d\u00eda a d\u00eda suministra m\u00e1s historias de la que se podr\u00edan imaginar todos juntos en una convenci\u00f3n. A m\u00ed, por ejemplo, me encantar\u00eda ver una comedia ligera sobre el cambio de inquilino en Ajuria Enea. Por ejemplo, no s\u00e9&#8230; el d\u00eda en el que Juanjo Ibarretxe debe decir adi\u00f3s para siempre a la mansi\u00f3n del paseo de la Senda y darle las llaves a Patxi L\u00f3pez. Ese momento hist\u00f3rico pero visto por el personal de servicio, por el jardinero, por ejemplo. <\/p>\n<p>Mi imagino tres escenas. <\/p>\n<p>1) Una furgoneta de Seur lleva los 3.000 cd,s de Patxi L\u00f3pez y los deja en el vest\u00edbulo. Ibarretxe, con cierta indiferencia, examina los discos y se fija en uno de ellos. <A href=\"http:\/\/www.lospunsetes.com\/\" title=\"http:\/\/www.lospunsetes.com\/\" id=\"link_3\">Los Punsetes<\/a> (foto de arriba). Ahora, ya con curiosidad, lo coge, lo lleva hasta el equipo de m\u00fasica y lo pone. Sube el sonido. Escoge una canci\u00f3n, Las Maricas. La letra empieza: \u00abQuiero morir en una discoteca llena de maricas, quiero morir bebiendo vino a morro de una barrica&#8230;\u00bb El lehendakari mira a su alrededor y se lleva las manos a la cabeza con un gesto de desesperanza. &#8220;\u00bfQu\u00e9 va a ser ahora de todo esto?&#8221;,  se pregunta. Fundido en negro.<\/p>\n<p>2) Momento on\u00edrico. El lehendakari cierra los ojos y sue\u00f1a que coge su bicicleta, sale de Ajuria Enea y empieza a pedalear sin rumbo. Como Forrest Gump cuando empieza a correr. Vemos, en una escena con neblina, al lehendakari bajo la torre Eiffel, en Berl\u00edn, acerc\u00e1ndose a la Plaza Roja de Mosc\u00fa, pedaleando junto a la Muralla China, etc&#8230; Cuando abre los ojos, sigue mirando los setos de Ajuria Enea. Fundido en negro.<\/p>\n<p><IMG src=\"\/humoyespejos\/files\/135766_gump.jpg\" id=\"img_0\" class=\"imgcen\"><\/p>\n<p>3) Esta escena me la imagino con <A href=\"..\/oscarterol\/posts\" title=\"http:\/\/blogs.elcorreodigital.com\/oscarterol\/posts\" id=\"link_2\">Oscar Terol <\/a> interpretando al lehendakari. S\u00f3lo \u00e9l podr\u00eda atreverse con el personaje. Ibarretxe camina sobre las alfombras de Ajuria Enea. De vez en cuando mira al exterior por una cristalera. En su pu\u00f1o derecho aprieta algo que el p\u00fablico no puede ver. El lo mira y murmura algo. Contin\u00faa caminando, algo nervioso. Vuelve a abrir el pu\u00f1o y mira su contenido. Cierra la mano y contin\u00faa andando. La c\u00e1mara se acerca. El lehendakari abre el pu\u00f1o para examinar el contenido de nuevo. La c\u00e1mara lo enfoca. Son dos orejas de Mister Spock. El lehendakari, con gesto de enfado, murmura: \u00abCaguen sos&#8230;\u00bb. Fundido en negro.<\/p>\n<!-- AddThis Advanced Settings generic via filter on the_content --><!-- AddThis Share Buttons generic via filter on the_content -->","protected":false},"excerpt":{"rendered":"<p>Hoy viene en el peri\u00f3dico una joya sobre el cine por obra y gracia de I\u00f1igo Dom\u00ednguez . Son de esas cosas que da gusto leer por la ma\u00f1ana, con un caf\u00e9. Me ha encantado esa reflexi\u00f3n sobre una pel\u00edcula que sabe reflejar un momento hist\u00f3rico de Italia que ya ha desaparecido. Me ha despertado [&hellip;]<!-- AddThis Advanced Settings generic via filter on get_the_excerpt --><!-- AddThis Share Buttons generic via filter on get_the_excerpt --><\/p>\n","protected":false},"author":8,"featured_media":0,"comment_status":"open","ping_status":"closed","sticky":false,"template":"","format":"standard","meta":[],"categories":[2],"tags":[21,22],"_links":{"self":[{"href":"https:\/\/blogs.elcorreo.com\/humoyespejos\/wp-json\/wp\/v2\/posts\/35"}],"collection":[{"href":"https:\/\/blogs.elcorreo.com\/humoyespejos\/wp-json\/wp\/v2\/posts"}],"about":[{"href":"https:\/\/blogs.elcorreo.com\/humoyespejos\/wp-json\/wp\/v2\/types\/post"}],"author":[{"embeddable":true,"href":"https:\/\/blogs.elcorreo.com\/humoyespejos\/wp-json\/wp\/v2\/users\/8"}],"replies":[{"embeddable":true,"href":"https:\/\/blogs.elcorreo.com\/humoyespejos\/wp-json\/wp\/v2\/comments?post=35"}],"version-history":[{"count":0,"href":"https:\/\/blogs.elcorreo.com\/humoyespejos\/wp-json\/wp\/v2\/posts\/35\/revisions"}],"wp:attachment":[{"href":"https:\/\/blogs.elcorreo.com\/humoyespejos\/wp-json\/wp\/v2\/media?parent=35"}],"wp:term":[{"taxonomy":"category","embeddable":true,"href":"https:\/\/blogs.elcorreo.com\/humoyespejos\/wp-json\/wp\/v2\/categories?post=35"},{"taxonomy":"post_tag","embeddable":true,"href":"https:\/\/blogs.elcorreo.com\/humoyespejos\/wp-json\/wp\/v2\/tags?post=35"}],"curies":[{"name":"wp","href":"https:\/\/api.w.org\/{rel}","templated":true}]}}