{"id":30,"date":"2009-03-02T13:54:00","date_gmt":"2009-03-02T13:54:00","guid":{"rendered":"http:\/\/blogs.elcorreo.com\/humoyespejos\/?p=30"},"modified":"2009-03-02T13:54:00","modified_gmt":"2009-03-02T13:54:00","slug":"lehendakaris-ficcion","status":"publish","type":"post","link":"https:\/\/blogs.elcorreo.com\/humoyespejos\/2009\/03\/02\/lehendakaris-ficcion\/","title":{"rendered":"Lehendakaris de ficci\u00f3n"},"content":{"rendered":"<p><IMG src=\"\/humoyespejos\/files\/PALMER-6.jpg\" id=\"img_0\" class=\"imgcen\" height=\"265\" width=\"486\">No podr\u00eda citar la fuente exacta, pero recuerdo que hace unas semanas le\u00ed un art\u00edculo sobre como la elecci\u00f3n de Obama, el primer presidente negro de la historia de Estados Unidos, ha estado precedida de gestos en el mundo de la ficci\u00f3n en los que se ha mostrado a negros como personas capaces de liderar empresas, instituciones, la lucha antiterrorista o, en el caso de la exitosa serie \u201824\u2019, de llegar a la presidencia de Estados Unidos.<\/p>\n<p>La ficci\u00f3n vasca, sin embargo, nunca se ha asomado a la posibilidad de que un lehendakari no nacionalista llegase a Ajuria  Enea. Seguro que alg\u00fan lector me corregir\u00e1, pero yo s\u00f3lo recuerdo un caso de obra de ficci\u00f3n con un lehendakari socialista. Es una novela de 1986 escrita por Eugenio Ibarzabal, portavoz del lehendakari Ardanza. <A href=\"http:\/\/www.diariovasco.com\/20090208\/politica\/trampa-anos-despues-20090208.html\" title=\"http:\/\/www.diariovasco.com\/20090208\/politica\/trampa-anos-despues-20090208.html\" id=\"link_0\">Alberto Surio<\/a>  la recordaba recientemente.<\/p>\n<p>El otro lehendakari no ortodoxo es el de Juanma Bajo Ulloa en \u2018Airbag\u2019. Es un presidente vasco de raza negra, pero creo recordar que no se aclara si es nacionalista o no nacionalista. <\/p>\n<p>En nuestro imaginario, por lo que se ve, no aparece la posibilidad de que un lehendakari no nacionalista duerma en Ajuria Enea. \u00bfPor qu\u00e9 casi nadie lo ha imaginado nunca? \u00bfSuperar\u00e1 la realidad a la ficci\u00f3n?<\/p>\n<!-- AddThis Advanced Settings generic via filter on the_content --><!-- AddThis Share Buttons generic via filter on the_content -->","protected":false},"excerpt":{"rendered":"<p>No podr\u00eda citar la fuente exacta, pero recuerdo que hace unas semanas le\u00ed un art\u00edculo sobre como la elecci\u00f3n de Obama, el primer presidente negro de la historia de Estados Unidos, ha estado precedida de gestos en el mundo de la ficci\u00f3n en los que se ha mostrado a negros como personas capaces de liderar [&hellip;]<!-- AddThis Advanced Settings generic via filter on get_the_excerpt --><!-- AddThis Share Buttons generic via filter on get_the_excerpt --><\/p>\n","protected":false},"author":8,"featured_media":0,"comment_status":"open","ping_status":"closed","sticky":false,"template":"","format":"standard","meta":[],"categories":[2],"tags":[],"_links":{"self":[{"href":"https:\/\/blogs.elcorreo.com\/humoyespejos\/wp-json\/wp\/v2\/posts\/30"}],"collection":[{"href":"https:\/\/blogs.elcorreo.com\/humoyespejos\/wp-json\/wp\/v2\/posts"}],"about":[{"href":"https:\/\/blogs.elcorreo.com\/humoyespejos\/wp-json\/wp\/v2\/types\/post"}],"author":[{"embeddable":true,"href":"https:\/\/blogs.elcorreo.com\/humoyespejos\/wp-json\/wp\/v2\/users\/8"}],"replies":[{"embeddable":true,"href":"https:\/\/blogs.elcorreo.com\/humoyespejos\/wp-json\/wp\/v2\/comments?post=30"}],"version-history":[{"count":0,"href":"https:\/\/blogs.elcorreo.com\/humoyespejos\/wp-json\/wp\/v2\/posts\/30\/revisions"}],"wp:attachment":[{"href":"https:\/\/blogs.elcorreo.com\/humoyespejos\/wp-json\/wp\/v2\/media?parent=30"}],"wp:term":[{"taxonomy":"category","embeddable":true,"href":"https:\/\/blogs.elcorreo.com\/humoyespejos\/wp-json\/wp\/v2\/categories?post=30"},{"taxonomy":"post_tag","embeddable":true,"href":"https:\/\/blogs.elcorreo.com\/humoyespejos\/wp-json\/wp\/v2\/tags?post=30"}],"curies":[{"name":"wp","href":"https:\/\/api.w.org\/{rel}","templated":true}]}}