{"id":27,"date":"2009-02-22T16:56:00","date_gmt":"2009-02-22T16:56:00","guid":{"rendered":"http:\/\/blogs.elcorreo.com\/humoyespejos\/?p=27"},"modified":"2009-02-22T16:56:00","modified_gmt":"2009-02-22T16:56:00","slug":"la-felicidad-del-carnaval","status":"publish","type":"post","link":"https:\/\/blogs.elcorreo.com\/humoyespejos\/2009\/02\/22\/la-felicidad-del-carnaval\/","title":{"rendered":"La felicidad del carnaval"},"content":{"rendered":"<p><object  height=\"344\" width=\"425\"><param  name=\"movie\" value=\"http:\/\/www.youtube.com\/v\/Ka44wBAypuA&#038;hl=en&#038;fs=1\"><\/param><param  name=\"allowFullScreen\" value=\"true\"><\/param><param  name=\"allowscriptaccess\" value=\"always\"><\/param><embed  src=\"\/\/www.youtube.com\/v\/Ka44wBAypuA&#038;hl=en&#038;fs=1\" type=\"application\/x-shockwave-flash\" allowscriptaccess=\"always\" allowfullscreen=\"true\" height=\"344\" width=\"425\"><\/embed><\/object><\/p>\n<p>En medio del carnaval, no he podido evitar la tentaci\u00f3n de colgar esta canci\u00f3n de <A href=\"http:\/\/www.viniciusdemoraes.com.br\/\" title=\"http:\/\/www.viniciusdemoraes.com.br\/\" id=\"link_0\">Vinicius de Moraes<\/a>  que es como un terremoto en voz baja. Arriba tienen un v\u00eddeo de Toquinho con Vinicius y abajo la letra. (No la traduzco para no hacer el rid\u00edculo, pero se entiende)<\/p>\n<p>Tristeza n\u00e3o tem fim<br \/>\nFelicidade sim<\/p>\n<p>A felicidade \u00e9 como a gota<br \/>\nDe orvalho numa p\u00e9tala de flor<br \/>\nBrilha tranq\u00fcila<br \/>\nDepois de leve oscila<br \/>\nE cai como uma l\u00e1grima de amor<\/p>\n<p>A felicidade do pobre parece<br \/>\nA grande ilus\u00e3o do carnaval<br \/>\nA gente trabalha o ano inteiro<br \/>\nPor um momento de sonho<br \/>\nPra fazer a fantasia<br \/>\nDe rei ou de pirata ou jardineira<br \/>\nPra tudo se acabar na quarta-feira<\/p>\n<p>Tristeza n\u00e3o tem fim<br \/>\nFelicidade sim<\/p>\n<p>A felicidade \u00e9 como a pluma<br \/>\nQue o vento vai levando pelo ar<br \/>\nVoa t\u00e3o leve<br \/>\nMas tem a vida breve<br \/>\nPrecisa que haja vento sem parar<\/p>\n<p>A minha felicidade est\u00e1 sonhando<br \/>\nNos olhos da minha namorada<br \/>\n\u00c9 como esta noite, passando, passando<br \/>\nEm busca da madrugada<br \/>\nFalem baixo, por favor<br \/>\nPra que ela acorde alegre com o dia<br \/>\nOferecendo beijos de amor<\/p>\n<p>A felicidade \u00e9 uma coisa boa<br \/>\nE t\u00e3o delicada tamb\u00e9m<br \/>\nTem flores e amores<br \/>\nDe todas as cores<br \/>\nTem ninhos de passarinhos<br \/>\nTudo de bom ela tem<br \/>\nE \u00e9 por ela ser assim t\u00e3o delicada<br \/>\nQue eu trato dela sempre muito bem<\/p>\n<!-- AddThis Advanced Settings generic via filter on the_content --><!-- AddThis Share Buttons generic via filter on the_content -->","protected":false},"excerpt":{"rendered":"<p>En medio del carnaval, no he podido evitar la tentaci\u00f3n de colgar esta canci\u00f3n de Vinicius de Moraes que es como un terremoto en voz baja. Arriba tienen un v\u00eddeo de Toquinho con Vinicius y abajo la letra. (No la traduzco para no hacer el rid\u00edculo, pero se entiende) Tristeza n\u00e3o tem fim Felicidade sim [&hellip;]<!-- AddThis Advanced Settings generic via filter on get_the_excerpt --><!-- AddThis Share Buttons generic via filter on get_the_excerpt --><\/p>\n","protected":false},"author":8,"featured_media":0,"comment_status":"open","ping_status":"closed","sticky":false,"template":"","format":"standard","meta":[],"categories":[2],"tags":[17,118],"_links":{"self":[{"href":"https:\/\/blogs.elcorreo.com\/humoyespejos\/wp-json\/wp\/v2\/posts\/27"}],"collection":[{"href":"https:\/\/blogs.elcorreo.com\/humoyespejos\/wp-json\/wp\/v2\/posts"}],"about":[{"href":"https:\/\/blogs.elcorreo.com\/humoyespejos\/wp-json\/wp\/v2\/types\/post"}],"author":[{"embeddable":true,"href":"https:\/\/blogs.elcorreo.com\/humoyespejos\/wp-json\/wp\/v2\/users\/8"}],"replies":[{"embeddable":true,"href":"https:\/\/blogs.elcorreo.com\/humoyespejos\/wp-json\/wp\/v2\/comments?post=27"}],"version-history":[{"count":0,"href":"https:\/\/blogs.elcorreo.com\/humoyespejos\/wp-json\/wp\/v2\/posts\/27\/revisions"}],"wp:attachment":[{"href":"https:\/\/blogs.elcorreo.com\/humoyespejos\/wp-json\/wp\/v2\/media?parent=27"}],"wp:term":[{"taxonomy":"category","embeddable":true,"href":"https:\/\/blogs.elcorreo.com\/humoyespejos\/wp-json\/wp\/v2\/categories?post=27"},{"taxonomy":"post_tag","embeddable":true,"href":"https:\/\/blogs.elcorreo.com\/humoyespejos\/wp-json\/wp\/v2\/tags?post=27"}],"curies":[{"name":"wp","href":"https:\/\/api.w.org\/{rel}","templated":true}]}}