{"id":35,"date":"2009-11-04T08:35:00","date_gmt":"2009-11-04T08:35:00","guid":{"rendered":"http:\/\/blogs.elcorreo.com\/en-buena-logica\/?p=35"},"modified":"2009-11-04T08:35:00","modified_gmt":"2009-11-04T08:35:00","slug":"altruismo-radical","status":"publish","type":"post","link":"https:\/\/blogs.elcorreo.com\/en-buena-logica\/2009\/11\/04\/altruismo-radical\/","title":{"rendered":"Altruismo radical"},"content":{"rendered":"<p><P class=MsoNormal style=\"MARGIN: 0cm 0cm 0pt; TEXT-ALIGN: justify; mso-hyphenate: none; tab-stops: -36.0pt; mso-line-height-alt: 12.0pt\"><SPAN style=\"mso-bidi-font-size: 13.0pt; mso-ansi-language: ES-TRAD\"><FONT size=4><FONT face=\"Times New Roman\">Vengo de otro blog que me encanta: \u201cApuntes cient\u00edficos desde el MIT, de <A id=link_0 title=http:\/\/lacomunidad.elpais.com\/apuntes-cientificos-desde-el-mit\/posts href=\"http:\/\/lacomunidad.elpais.com\/apuntes-cientificos-desde-el-mit\/posts\">Pere Estupiny\u00e1<\/A>, donde se aborda el tema del altruismo desde las aportaciones de la gen\u00e9tica y la biolog\u00eda, y trata de responder a la cuesti\u00f3n de si los valores morales forman parte de nuestra naturaleza. Yo creo que ciertamente no, que no nacemos con ellos, sino que se aprenden a lo largo de la vida, sobre todo si te tratan bien, pero tambi\u00e9n estoy convencido de que tenemos una disposici\u00f3n natural a que esos aprendizajes prendan en nosotros y nos despierten inclinaciones naturales a ayudar a los dem\u00e1s, y que esto no va necesariamente contra nuestro instinto de supervivencia, en el sentido darviniano del t\u00e9rmino.<\/FONT><\/FONT><\/SPAN><\/p>\n<p> <P class=MsoNormal style=\"MARGIN: 0cm 0cm 0pt; TEXT-ALIGN: justify; mso-hyphenate: none; tab-stops: -36.0pt; mso-line-height-alt: 12.0pt\"><SPAN style=\"mso-bidi-font-size: 13.0pt; mso-ansi-language: ES-TRAD\"><FONT size=4><FONT face=\"Times New Roman\"><?xml:namespace prefix = o ns = \"urn:schemas-microsoft-com:office:office\" \/><o:p><IMG style=\"WIDTH: 474px; HEIGHT: 257px\" height=257 src=\"\/\/www.humanipedia.org\/es\/wiki\/images\/d\/d6\/Altruismo.jpg\" width=640><\/o:p><\/FONT><\/FONT><\/SPAN><\/p>\n<p> <P class=MsoNormal style=\"MARGIN: 0cm 0cm 0pt; TEXT-ALIGN: justify; mso-hyphenate: none; tab-stops: -36.0pt; mso-line-height-alt: 12.0pt\"><SPAN style=\"mso-bidi-font-size: 13.0pt; mso-ansi-language: ES-TRAD\"><FONT size=4><FONT face=\"Times New Roman\"><SPAN style=\"mso-tab-count: 1\">            <\/SPAN>Parece fuera de debate, por incontrovertible, que tenemos m\u00e1s de un gen ego\u00edsta, que nos movemos por intereses aunque queramos aparentar lo contrario, y que el provecho propio nos hace ser amables y serviciales, en esta cultura del hiper individualismo. Que somos unos cabrones es evidente, y la Historia da pruebas sobradas de ello. \u00bfHay quien lo dude? Lo que despierta la curiosidad de los cient\u00edficos y tambi\u00e9n de los psic\u00f3logos es: \u00bfc\u00f3mo, a pesar de ser esto cierto, observamos comportamientos tan genuinamente altruistas? Los esc\u00e9pticos responden: para sentirnos mejor con nosotros mismos, para limpiar nuestra conciencia, etc. En definitiva, quienes niegan que el altruismo sea una inclinaci\u00f3n natural, afirman que ciertos actos aparentemente generosos, como dar un aguinaldo a un pobre, nos reportan una ventaja psicol\u00f3gica, por lo que en el fondo son actos de ego\u00edsmo. Seg\u00fan esta visi\u00f3n, Teresa de Calcuta, por ejemplo, no fue realmente altruista, sino que se movi\u00f3 por el inter\u00e9s de ganarse el cielo (o librarse del infierno). Voy a explicar aqu\u00ed por qu\u00e9 considero que esto es falso, por qu\u00e9 creo en el altruismo radical, sin atenuantes. Se trata de una experiencia personal que hasta ahora s\u00f3lo he contado a mis amigos y m\u00e1s allegados.<o:p><\/o:p><\/FONT><\/FONT><\/SPAN><\/p>\n<p> <P class=MsoNormal style=\"MARGIN: 0cm 0cm 0pt; TEXT-ALIGN: justify; mso-hyphenate: none; tab-stops: -36.0pt; mso-line-height-alt: 12.0pt\"><SPAN style=\"mso-bidi-font-size: 13.0pt; mso-ansi-language: ES-TRAD\"><FONT size=4><FONT face=\"Times New Roman\"><SPAN style=\"mso-tab-count: 1\">            <\/SPAN>En quechua los llaman \u201chuaycos\u201d. Son avalanchas que bajan rugiendo de la monta\u00f1a, tremendas lenguas de tierra, piedras y material de arrastre, que arrasan poblaciones enteras causando tragedias. Bajaban en \u00e9poca de la avenida, como un derrumbamiento de los cerros. En las zonas andinas son la maldici\u00f3n de las monta\u00f1as.<o:p><\/o:p><\/FONT><\/FONT><\/SPAN><\/p>\n<p> <P class=MsoNormal style=\"MARGIN: 0cm 0cm 0pt; TEXT-ALIGN: justify; mso-hyphenate: none; tab-stops: -36.0pt; mso-line-height-alt: 12.0pt\"><SPAN style=\"mso-bidi-font-size: 13.0pt; mso-ansi-language: ES-TRAD\"><FONT size=4><FONT face=\"Times New Roman\"><SPAN style=\"mso-tab-count: 1\">            <\/SPAN><SPAN style=\"mso-spacerun: yes\"> <\/SPAN>Yo lo viv\u00ed hace muchos a\u00f1os un huayco, en Aguas Calientes, un pueblo al pie del Machu Picchu. La avalancha caus\u00f3 cientos de v\u00edctimas y desaparecidos y unos mil quinientos turistas atrapados, esperando ser evacuados. Me pill\u00f3 cerca, en la localidad de Santa Teresa, y todos salimos corriendo por las v\u00edas, que estaban cortadas por el lodo y las piedras, a ayudar en las tareas de rescate. El pueblo estaba sepultado bajo los escombros: piedras, barro, troncos, tejados de zinc, trozos de muros\u2026 Los equipos de salvamento tardaron muchas horas en llegar en helic\u00f3ptero desde Cuzco y Lima y era urgente actuar. Muchos voluntarios se met\u00edan reptando bajo las monta\u00f1as de escombros, jug\u00e1ndose la vida para salvar otras vidas. \u00a1Sab\u00edan a lo que se expon\u00edan, y no se lo pensaban! <o:p><\/o:p><\/FONT><\/FONT><\/SPAN><\/p>\n<p> <P class=MsoNormal style=\"MARGIN: 0cm 0cm 0pt; TEXT-ALIGN: justify; mso-hyphenate: none; tab-stops: -36.0pt; mso-line-height-alt: 12.0pt\"><SPAN style=\"mso-bidi-font-size: 13.0pt; mso-ansi-language: ES-TRAD\"><FONT size=4><FONT face=\"Times New Roman\"><SPAN style=\"mso-tab-count: 1\">            <\/SPAN>Todos all\u00ed donamos sangre en el hospital de campa\u00f1a que se improvis\u00f3, conmocionados; entre escenas pavorosas llevamos heridos a los helic\u00f3pteros, pero lo que m\u00e1s me impresion\u00f3, m\u00e1s que el espect\u00e1culo de la muerte, fue el de los voluntarios \u201ctopos\u201d que se met\u00edan donde ning\u00fan especialista se hubiera atrevido, entre estructuras que se tambaleaban, y algunos se quedaron atrapados.<o:p><\/o:p><\/FONT><\/FONT><\/SPAN><\/p>\n<p> <P class=MsoNormal style=\"MARGIN: 0cm 0cm 0pt; TEXT-ALIGN: justify; mso-hyphenate: none; tab-stops: -36.0pt; mso-line-height-alt: 12.0pt\"><SPAN style=\"mso-bidi-font-size: 13.0pt; mso-ansi-language: ES-TRAD\"><FONT size=4><FONT face=\"Times New Roman\"><SPAN style=\"mso-tab-count: 1\">            <\/SPAN>No me pregunten qu\u00e9 genes hicieron eso posible, c\u00f3mo se entiende desde la teor\u00eda de Darwin, en la que el instinto de supervivencia prima sobre cualquier otra ley: cuando has vivido esto, lo has visto con tus propios ojos, todo lo dem\u00e1s te sobra. <SPAN style=\"mso-spacerun: yes\"> <\/SPAN><\/FONT><\/FONT><o:p><\/o:p><\/SPAN><\/p>\n<!-- AddThis Advanced Settings generic via filter on the_content --><!-- AddThis Share Buttons generic via filter on the_content -->","protected":false},"excerpt":{"rendered":"<p>Vengo de otro blog que me encanta: \u201cApuntes cient\u00edficos desde el MIT, de Pere Estupiny\u00e1, donde se aborda el tema del altruismo desde las aportaciones de la gen\u00e9tica y la biolog\u00eda, y trata de responder a la cuesti\u00f3n de si los valores morales forman parte de nuestra naturaleza. Yo creo que ciertamente no, que no [&hellip;]<!-- AddThis Advanced Settings generic via filter on get_the_excerpt --><!-- AddThis Share Buttons generic via filter on get_the_excerpt --><\/p>\n","protected":false},"author":45,"featured_media":0,"comment_status":"open","ping_status":"closed","sticky":false,"template":"","format":"standard","meta":[],"categories":[2],"tags":[8,46,71],"_links":{"self":[{"href":"https:\/\/blogs.elcorreo.com\/en-buena-logica\/wp-json\/wp\/v2\/posts\/35"}],"collection":[{"href":"https:\/\/blogs.elcorreo.com\/en-buena-logica\/wp-json\/wp\/v2\/posts"}],"about":[{"href":"https:\/\/blogs.elcorreo.com\/en-buena-logica\/wp-json\/wp\/v2\/types\/post"}],"author":[{"embeddable":true,"href":"https:\/\/blogs.elcorreo.com\/en-buena-logica\/wp-json\/wp\/v2\/users\/45"}],"replies":[{"embeddable":true,"href":"https:\/\/blogs.elcorreo.com\/en-buena-logica\/wp-json\/wp\/v2\/comments?post=35"}],"version-history":[{"count":0,"href":"https:\/\/blogs.elcorreo.com\/en-buena-logica\/wp-json\/wp\/v2\/posts\/35\/revisions"}],"wp:attachment":[{"href":"https:\/\/blogs.elcorreo.com\/en-buena-logica\/wp-json\/wp\/v2\/media?parent=35"}],"wp:term":[{"taxonomy":"category","embeddable":true,"href":"https:\/\/blogs.elcorreo.com\/en-buena-logica\/wp-json\/wp\/v2\/categories?post=35"},{"taxonomy":"post_tag","embeddable":true,"href":"https:\/\/blogs.elcorreo.com\/en-buena-logica\/wp-json\/wp\/v2\/tags?post=35"}],"curies":[{"name":"wp","href":"https:\/\/api.w.org\/{rel}","templated":true}]}}