{"id":32,"date":"2009-09-14T07:29:00","date_gmt":"2009-09-14T07:29:00","guid":{"rendered":"http:\/\/blogs.elcorreo.com\/en-buena-logica\/?p=32"},"modified":"2009-09-14T07:29:00","modified_gmt":"2009-09-14T07:29:00","slug":"los-padres-abyectos","status":"publish","type":"post","link":"https:\/\/blogs.elcorreo.com\/en-buena-logica\/2009\/09\/14\/los-padres-abyectos\/","title":{"rendered":"Los padres abyectos"},"content":{"rendered":"<p><P class=MsoNormal style=\"MARGIN: 0cm 0cm 0pt; TEXT-ALIGN: justify\"><SPAN lang=ES style=\"FONT-SIZE: 12pt\"><FONT face=\"Times New Roman\"><?xml:namespace prefix = o ns = \"urn:schemas-microsoft-com:office:office\" \/><o:p><IMG height=250 src=\"\/\/www.elpais.com\/recorte\/20090907elpmad_1\/LCO340\/Ies\/Varios_momentos_disturbios_fiestas_Pozuelo_Alarcon.jpg\" width=461><\/o:p><\/FONT><\/SPAN><\/p>\n<p> <P class=MsoNormal style=\"MARGIN: 0cm 0cm 0pt; TEXT-ALIGN: justify\"><SPAN lang=ES style=\"mso-bidi-font-size: 13.0pt\"><FONT size=4><FONT face=\"Times New Roman\"><SPAN style=\"mso-spacerun: yes\"><\/SPAN>Hijos de familias estructuradas, educados en colegios privados, criados en la sobreabundancia, tratados como marquesitos para estar en la \u00e9lite de la sociedad (uno de los detenidos pertenece al Marquesado de Feria) equilibrados, buen historial acad\u00e9mico, sin antecedentes cl\u00ednicos ni policiales, \u00e9ste es el perfil de los cafres del macrobotell\u00f3n de Pozuelo que, botella en mano y puestos de alcohol hasta las jarcias, intentaron asaltar la comisar\u00eda, quemaron varios coches patrulla, destrozaron las calles e hirieron a diez agentes a lo largo de tres horas de batalla campal.<o:p><\/o:p><\/FONT><\/FONT><\/SPAN><\/p>\n<p> <P class=MsoNormal style=\"MARGIN: 0cm 0cm 0pt; TEXT-ALIGN: justify\"><SPAN lang=ES style=\"mso-bidi-font-size: 13.0pt\"><FONT size=4><FONT face=\"Times New Roman\"><SPAN style=\"mso-tab-count: 1\"><\/SPAN>Pozuelo no es un caso aislado. Los colegios privados ya no son ese reducto de clase que preserva a los j\u00f3venes de las tentaciones de la violencia. La barbarie ya no es exclusiva del arrabal: nos llega del club n\u00e1utico y de los colegios de \u00e9lite, en cuyas alegres actividades extraescolares nunca faltan el botell\u00f3n desenfrenado y el consumo de coca\u00edna. Y \u00e9stas son las \u00e9lites que har\u00e1n el recambio generacional, j\u00f3venes desp\u00f3ticos e incapaces de tolerar la frustraci\u00f3n.<o:p><\/o:p><\/FONT><\/FONT><\/SPAN><\/p>\n<p> <P class=MsoNormal style=\"MARGIN: 0cm 0cm 0pt; TEXT-INDENT: 35.4pt; TEXT-ALIGN: justify\"><SPAN lang=ES style=\"mso-bidi-font-size: 13.0pt\"><FONT size=4><FONT face=\"Times New Roman\">&#8220;Vamos a demostrar que los chicos son inocentes y que no se les puede responsabilizar a estas criaturas de esa barbarie\u201d, declar\u00f3 uno de los padres de la criatura. Los padres han anunciado que recurrir\u00e1n la medida del juez: tres meses de prohibici\u00f3n de jaranas y fiestas, porque les parece injusta y desproporcionada. \u00a1Qu\u00e9 gran injusticia que sus reto\u00f1os no puedan tirarse al botell\u00f3n durante tres meses! Y, no contentos con recurrir, tambi\u00e9n van a denunciar a los agentes de Polic\u00eda por agresi\u00f3n, a pesar de que hubo agentes heridos por lanzamiento de botellas de licor y otros objetos contundentes. En fin, con estas acciones los padres de estos cafrecillos han quedado perfectamente retratados en su catadura moral. En sus principios educativos no hay mal que cometa un hijo, por escandaloso que sea, que no se le pueda hacer la vista gorda.<o:p><\/o:p><\/FONT><\/FONT><\/SPAN><\/p>\n<p> <P class=MsoNormal style=\"MARGIN: 0cm 0cm 0pt; TEXT-INDENT: 35.4pt; TEXT-ALIGN: justify\"><SPAN lang=ES style=\"mso-bidi-font-size: 13.0pt\"><FONT size=4><FONT face=\"Times New Roman\">Ya se sabe que el alcohol es un t\u00f3xico que exacerba los impulsos y que, unido a nocturnidad y el mimetismo del grupo, suele citarse como factor crimin\u00f3geno. No obstante, puestos a buscar un crimin\u00f3geno, la aguja magn\u00e9tica apunta a los padres: ellos son los verdaderos inductores del crimen, pues no hay mayor delito que amparar la abyecci\u00f3n de tus hijos desde la arrogancia de clase y encarnar para ellos un modelo de abyecci\u00f3n. <o:p><\/o:p><\/FONT><\/FONT><\/SPAN><\/p>\n<!-- AddThis Advanced Settings generic via filter on the_content --><!-- AddThis Share Buttons generic via filter on the_content -->","protected":false},"excerpt":{"rendered":"<p>Hijos de familias estructuradas, educados en colegios privados, criados en la sobreabundancia, tratados como marquesitos para estar en la \u00e9lite de la sociedad (uno de los detenidos pertenece al Marquesado de Feria) equilibrados, buen historial acad\u00e9mico, sin antecedentes cl\u00ednicos ni policiales, \u00e9ste es el perfil de los cafres del macrobotell\u00f3n de Pozuelo que, botella en [&hellip;]<!-- AddThis Advanced Settings generic via filter on get_the_excerpt --><!-- AddThis Share Buttons generic via filter on get_the_excerpt --><\/p>\n","protected":false},"author":45,"featured_media":0,"comment_status":"open","ping_status":"closed","sticky":false,"template":"","format":"standard","meta":[],"categories":[2],"tags":[23,54,134,166],"_links":{"self":[{"href":"https:\/\/blogs.elcorreo.com\/en-buena-logica\/wp-json\/wp\/v2\/posts\/32"}],"collection":[{"href":"https:\/\/blogs.elcorreo.com\/en-buena-logica\/wp-json\/wp\/v2\/posts"}],"about":[{"href":"https:\/\/blogs.elcorreo.com\/en-buena-logica\/wp-json\/wp\/v2\/types\/post"}],"author":[{"embeddable":true,"href":"https:\/\/blogs.elcorreo.com\/en-buena-logica\/wp-json\/wp\/v2\/users\/45"}],"replies":[{"embeddable":true,"href":"https:\/\/blogs.elcorreo.com\/en-buena-logica\/wp-json\/wp\/v2\/comments?post=32"}],"version-history":[{"count":0,"href":"https:\/\/blogs.elcorreo.com\/en-buena-logica\/wp-json\/wp\/v2\/posts\/32\/revisions"}],"wp:attachment":[{"href":"https:\/\/blogs.elcorreo.com\/en-buena-logica\/wp-json\/wp\/v2\/media?parent=32"}],"wp:term":[{"taxonomy":"category","embeddable":true,"href":"https:\/\/blogs.elcorreo.com\/en-buena-logica\/wp-json\/wp\/v2\/categories?post=32"},{"taxonomy":"post_tag","embeddable":true,"href":"https:\/\/blogs.elcorreo.com\/en-buena-logica\/wp-json\/wp\/v2\/tags?post=32"}],"curies":[{"name":"wp","href":"https:\/\/api.w.org\/{rel}","templated":true}]}}