{"id":509,"date":"2013-11-01T10:23:10","date_gmt":"2013-11-01T09:23:10","guid":{"rendered":"http:\/\/blogs.elcorreo.com\/elcorner\/?p=509"},"modified":"2013-11-01T10:23:10","modified_gmt":"2013-11-01T09:23:10","slug":"el-fortin-sigue-en-pie","status":"publish","type":"post","link":"https:\/\/blogs.elcorreo.com\/elcorner\/2013\/11\/01\/el-fortin-sigue-en-pie\/","title":{"rendered":"El fort\u00edn sigue en pie"},"content":{"rendered":"<p><a href=\"\/elcorner\/wp-content\/uploads\/sites\/4\/2013\/11\/san-mames.jpg-390x220.jpg\"><img loading=\"lazy\" class=\"alignright size-full wp-image-510\" title=\"san-mames.jpg--390x220\" src=\"\/elcorner\/wp-content\/uploads\/sites\/4\/2013\/11\/san-mames.jpg-390x220.jpg\" alt=\"\" width=\"390\" height=\"220\" srcset=\"https:\/\/blogs.elcorreo.com\/elcorner\/wp-content\/uploads\/sites\/4\/2013\/11\/san-mames.jpg-390x220.jpg 390w, https:\/\/blogs.elcorreo.com\/elcorner\/wp-content\/uploads\/sites\/4\/2013\/11\/san-mames.jpg-390x220-300x169.jpg 300w\" sizes=\"(max-width: 390px) 100vw, 390px\" \/><\/a>Es un fort\u00edn extra\u00f1o, de dise\u00f1o, hecho a la manera del siglo XXI. Una fortaleza que ni siquiera ha necesitado que el per\u00edmetro se concluya para empezar a dar resultados. All\u00ed, como es natural, el Athletic se siente como en casa y eso se nota. Y es que nadie ha logrado llevarse los tres puntos del nuevo San Mam\u00e9s. Desde que el Celta sufriera la primera remontada, Betis, Valencia, Villarreal y Elche han tomado el autob\u00fas de vuelta sin el honor de la primera victoria. Cinco partidos en que s\u00f3lo ilicitanos y ch\u00e9s han logrado sumar un punto. Tampoco fue diferente el arranque liguero en el exilio forzado de Anoeta, donde los de Valverde se impusieron por 2-0. Esa exhibici\u00f3n de entereza en su feudo es una de las claves de que el Athleic se mantenga donde est\u00e1, aferrado a la zona alta de la tabla, con 20 puntos y gozando de la quinta posici\u00f3n.<\/p>\n<p>En las pr\u00f3ximas semanas, el fort\u00edn ser\u00e1 puesto a prueba. El s\u00e1bado que viene el Athletic recibe al Levante en un choque aparentemente asequible. El siguiente ser\u00e1 el Barcelona. Superar esa cita con el l\u00edder brindar\u00eda a los rojiblancos un breve oasis de tranquilidad ante Almer\u00eda y Valladolid y tomar aire antes de recibir al Real Madrid. Estar\u00edamos ya en febrero y, de no haber perdido ning\u00fan partido todav\u00eda, San Mam\u00e9s habr\u00eda comenzado a levantar su leyenda antes a\u00fan de tener techo. Un hito en la historia de los fortines.<\/p>\n<!-- AddThis Advanced Settings generic via filter on the_content --><!-- AddThis Share Buttons generic via filter on the_content -->","protected":false},"excerpt":{"rendered":"<p>Es un fort\u00edn extra\u00f1o, de dise\u00f1o, hecho a la manera del siglo XXI. Una fortaleza que ni siquiera ha necesitado que el per\u00edmetro se concluya para empezar a dar resultados. All\u00ed, como es natural, el Athletic se siente como en casa y eso se nota. Y es que nadie ha logrado llevarse los tres puntos [&hellip;]<!-- AddThis Advanced Settings generic via filter on get_the_excerpt --><!-- AddThis Share Buttons generic via filter on get_the_excerpt --><\/p>\n","protected":false},"author":10,"featured_media":0,"comment_status":"open","ping_status":"open","sticky":false,"template":"","format":"standard","meta":[],"categories":[15],"tags":[34,89],"_links":{"self":[{"href":"https:\/\/blogs.elcorreo.com\/elcorner\/wp-json\/wp\/v2\/posts\/509"}],"collection":[{"href":"https:\/\/blogs.elcorreo.com\/elcorner\/wp-json\/wp\/v2\/posts"}],"about":[{"href":"https:\/\/blogs.elcorreo.com\/elcorner\/wp-json\/wp\/v2\/types\/post"}],"author":[{"embeddable":true,"href":"https:\/\/blogs.elcorreo.com\/elcorner\/wp-json\/wp\/v2\/users\/10"}],"replies":[{"embeddable":true,"href":"https:\/\/blogs.elcorreo.com\/elcorner\/wp-json\/wp\/v2\/comments?post=509"}],"version-history":[{"count":0,"href":"https:\/\/blogs.elcorreo.com\/elcorner\/wp-json\/wp\/v2\/posts\/509\/revisions"}],"wp:attachment":[{"href":"https:\/\/blogs.elcorreo.com\/elcorner\/wp-json\/wp\/v2\/media?parent=509"}],"wp:term":[{"taxonomy":"category","embeddable":true,"href":"https:\/\/blogs.elcorreo.com\/elcorner\/wp-json\/wp\/v2\/categories?post=509"},{"taxonomy":"post_tag","embeddable":true,"href":"https:\/\/blogs.elcorreo.com\/elcorner\/wp-json\/wp\/v2\/tags?post=509"}],"curies":[{"name":"wp","href":"https:\/\/api.w.org\/{rel}","templated":true}]}}