{"id":357,"date":"2009-12-21T09:45:00","date_gmt":"2009-12-21T09:45:00","guid":{"rendered":"http:\/\/blogs.elcorreo.com\/elcorner\/?p=357"},"modified":"2009-12-21T09:45:00","modified_gmt":"2009-12-21T09:45:00","slug":"solida-mejoria","status":"publish","type":"post","link":"https:\/\/blogs.elcorreo.com\/elcorner\/2009\/12\/21\/solida-mejoria\/","title":{"rendered":"S\u00f3lida mejor\u00eda"},"content":{"rendered":"<p> <IMG src=\"\/elcorner\/wp-content\/uploads\/sites\/4\" id=\"img_0\" class=\"imgizqda\">El Athletic logr\u00f3 el s\u00e1bado dar un salto de calidad. La primera parte y algunos momentos de la segunda mostraron a un equipo s\u00f3lido que se atrev\u00eda sin miedo a tocar el bal\u00f3n por raso, a construir desde atr\u00e1s; a jugar al f\u00fatbol, vamos. En media hora solvent\u00f3 el partido con dos goles que bien pudieron ser cinco si la punter\u00eda hubiera sido mejor. Ante \u00e9l, Osasuna se mostr\u00f3 como un equipo flojo y abocado a la parte baja de la tabla. <\/p>\n<p>Caparr\u00f3s y su equipo comer\u00e1n tranquilos el turr\u00f3n. Cierran el a\u00f1o en un pl\u00e1cido s\u00e9ptimo puesto, con 26 puntos, a uno tan s\u00f3lo de la UEFA. Es un conjunto \u2018in crescendo\u2019. A las positivas y rejuvenecedoras incorporaciones, se sum\u00f3 el s\u00e1bado la palpable mejor\u00eda de hombres como Fran Yeste, que jug\u00f3 un gran partido. A Toquero, siempre trabajador, le vimos acertado y m\u00e1s relajado que en otras ocasiones. Hay ganas de fiesta en San Mam\u00e9s. C\u00e1nticos que suenan a Europa y hasta un cumplea\u00f1os feliz para Muniain. Parece que el calvario, resultados en mano, va pasando a la historia. <\/p>\n<!-- AddThis Advanced Settings generic via filter on the_content --><!-- AddThis Share Buttons generic via filter on the_content -->","protected":false},"excerpt":{"rendered":"<p>El Athletic logr\u00f3 el s\u00e1bado dar un salto de calidad. La primera parte y algunos momentos de la segunda mostraron a un equipo s\u00f3lido que se atrev\u00eda sin miedo a tocar el bal\u00f3n por raso, a construir desde atr\u00e1s; a jugar al f\u00fatbol, vamos. En media hora solvent\u00f3 el partido con dos goles que bien [&hellip;]<!-- AddThis Advanced Settings generic via filter on get_the_excerpt --><!-- AddThis Share Buttons generic via filter on get_the_excerpt --><\/p>\n","protected":false},"author":10,"featured_media":0,"comment_status":"open","ping_status":"closed","sticky":false,"template":"","format":"standard","meta":[],"categories":[11,15],"tags":[45,57,111,188],"_links":{"self":[{"href":"https:\/\/blogs.elcorreo.com\/elcorner\/wp-json\/wp\/v2\/posts\/357"}],"collection":[{"href":"https:\/\/blogs.elcorreo.com\/elcorner\/wp-json\/wp\/v2\/posts"}],"about":[{"href":"https:\/\/blogs.elcorreo.com\/elcorner\/wp-json\/wp\/v2\/types\/post"}],"author":[{"embeddable":true,"href":"https:\/\/blogs.elcorreo.com\/elcorner\/wp-json\/wp\/v2\/users\/10"}],"replies":[{"embeddable":true,"href":"https:\/\/blogs.elcorreo.com\/elcorner\/wp-json\/wp\/v2\/comments?post=357"}],"version-history":[{"count":0,"href":"https:\/\/blogs.elcorreo.com\/elcorner\/wp-json\/wp\/v2\/posts\/357\/revisions"}],"wp:attachment":[{"href":"https:\/\/blogs.elcorreo.com\/elcorner\/wp-json\/wp\/v2\/media?parent=357"}],"wp:term":[{"taxonomy":"category","embeddable":true,"href":"https:\/\/blogs.elcorreo.com\/elcorner\/wp-json\/wp\/v2\/categories?post=357"},{"taxonomy":"post_tag","embeddable":true,"href":"https:\/\/blogs.elcorreo.com\/elcorner\/wp-json\/wp\/v2\/tags?post=357"}],"curies":[{"name":"wp","href":"https:\/\/api.w.org\/{rel}","templated":true}]}}