{"id":352,"date":"2009-12-03T19:23:00","date_gmt":"2009-12-03T19:23:00","guid":{"rendered":"http:\/\/blogs.elcorreo.com\/elcorner\/?p=352"},"modified":"2009-12-03T19:23:00","modified_gmt":"2009-12-03T19:23:00","slug":"la-verguenza-europa","status":"publish","type":"post","link":"https:\/\/blogs.elcorreo.com\/elcorner\/2009\/12\/03\/la-verguenza-europa\/","title":{"rendered":"La verg\u00fcenza de Europa"},"content":{"rendered":"<p><IMG src=\"\/elcorner\/wp-content\/uploads\/sites\/4\" id=\"img_0\" class=\"imgcen\">Ayer, el f\u00fatbol volvi\u00f3 a sumirse en la verg\u00fcenza m\u00e1s profunda. Los ultras dinamitaron el partido entre el Austria de Viena y el Athletic en un ejercicio inusitado de violencia gratuita. Ojal\u00e1 que el lamentable espect\u00e1culo de ayer fuera parte de los estertores de una especie en v\u00edas de extinci\u00f3n. Averg\u00fcenza a cualquiera esa masa desideologizada -no se dejen enga\u00f1ar por las apariencias, su \u00fanica bandera sigue siendo la provocaci\u00f3n, como el proleg\u00f3meno necesario de su \u00fanico fin: la bronca y la agresi\u00f3n-. En San Mam\u00e9s, pudimos ver su parafernalia provocativa -y las conexiones internacionales de estos grupos, que deber\u00edan ser investigadas- sin mayores consecuencias. En Viena lograron detener el partido por dos veces. La primera por el lanzamiento masivo de bengalas; y la segunda, y m\u00e1s incre\u00edble, por una invasi\u00f3n de campo en la que la seguridad del estadio demostr\u00f3 no estar suficientemente preparada. Pronto sabremos la sanci\u00f3n -espero que ejemplarizante- del Austria de Viena. Y no comprendo la decisi\u00f3n de reanudar el choque. S\u00f3lo queda preguntarse: \u00bfQu\u00e9 hay que hacer para que se suspenda un partido en Europa? <\/p>\n<p> E<IMG src=\"\/elcorner\/wp-content\/uploads\/sites\/4\" id=\"img_2\" class=\"imgizqda\">n lo poco y mal que se puedo jugar en ese ambiente detestable, el Austria de Viena confirm\u00f3 la imagen ofrecida en el partido de ida. Un equipo sin chispa y escaso de f\u00fatbol. En el minuto 20, Yeste bot\u00f3 una falta lejana que se fue envenenando en el aire. El bal\u00f3n se desplom\u00f3 a conciencia poco antes de rebotar en el larguero. Segundos depu\u00e9s -en la misma jugada-, era San Jos\u00e9 el que hac\u00eda sonar la madera con un cabezazo rotundo. Y a la tercera, la vencida. Llorente recibi\u00f3 el rebote, levant\u00f3 la cabeza y no dud\u00f3. En algunos bares no sab\u00edan todav\u00eda qui\u00e9n era qui\u00e9n (el Athletic vest\u00eda su segunda equipaci\u00f3n -azul y blanca- y el Austria de Viena la primera, con su caracter\u00edstico color morado) cuando el equipo de Caparr\u00f3s ya estaba ganando. Y le bastaba un empate para pasar de ronda. <\/p>\n<p>Los locales reaccionaron tras el gol, como un invitado molesto al que todav\u00eda no se le ha permitido decir nada. Acecharon la puerta de Iraizoz con varios disparos lejanos. A los 35 minutos, Acimovic hac\u00eda que el bal\u00f3n pasara lamiendo el palo tras un gran tiro de falta. Era la tercera ocasi\u00f3n consecutiva que ca\u00eda en la misma cesta. Pronto, el Austria se fue diluyendo y desapareci\u00f3 del terreno de juego tras el segundo gol rojiblanco -firmado por Mikel San Jos\u00e9 de un potente trallazo que golpe\u00f3 previamente en el larguero-. Ah\u00ed se acab\u00f3 su f\u00fatbol. <\/p>\n<p><IMG src=\"\/elcorner\/wp-content\/uploads\/sites\/4\" id=\"img_4\" class=\"imgdcha\">Transcurrida m\u00e1s de media hora de par\u00f3n -momento de gloria de los energ\u00famenos-, el Athletic acumul\u00f3 ocasiones para haber goleado a su rival. Derroch\u00f3 generosidad  con un ojo en la convulsa grada. A diez minutos del final, Llorente remat\u00f3 la faena ante la maltrecha defensa austriaca. 3-0 y el pase a dieciseisavos. Y uno de los peores espect\u00e1culos vividos en los \u00faltimos a\u00f1os sobre un terreno de juego.  <\/p>\n<!-- AddThis Advanced Settings generic via filter on the_content --><!-- AddThis Share Buttons generic via filter on the_content -->","protected":false},"excerpt":{"rendered":"<p>Ayer, el f\u00fatbol volvi\u00f3 a sumirse en la verg\u00fcenza m\u00e1s profunda. Los ultras dinamitaron el partido entre el Austria de Viena y el Athletic en un ejercicio inusitado de violencia gratuita. Ojal\u00e1 que el lamentable espect\u00e1culo de ayer fuera parte de los estertores de una especie en v\u00edas de extinci\u00f3n. Averg\u00fcenza a cualquiera esa masa [&hellip;]<!-- AddThis Advanced Settings generic via filter on get_the_excerpt --><!-- AddThis Share Buttons generic via filter on get_the_excerpt --><\/p>\n","protected":false},"author":10,"featured_media":0,"comment_status":"open","ping_status":"closed","sticky":false,"template":"","format":"standard","meta":[],"categories":[11],"tags":[34,48,239,247],"_links":{"self":[{"href":"https:\/\/blogs.elcorreo.com\/elcorner\/wp-json\/wp\/v2\/posts\/352"}],"collection":[{"href":"https:\/\/blogs.elcorreo.com\/elcorner\/wp-json\/wp\/v2\/posts"}],"about":[{"href":"https:\/\/blogs.elcorreo.com\/elcorner\/wp-json\/wp\/v2\/types\/post"}],"author":[{"embeddable":true,"href":"https:\/\/blogs.elcorreo.com\/elcorner\/wp-json\/wp\/v2\/users\/10"}],"replies":[{"embeddable":true,"href":"https:\/\/blogs.elcorreo.com\/elcorner\/wp-json\/wp\/v2\/comments?post=352"}],"version-history":[{"count":0,"href":"https:\/\/blogs.elcorreo.com\/elcorner\/wp-json\/wp\/v2\/posts\/352\/revisions"}],"wp:attachment":[{"href":"https:\/\/blogs.elcorreo.com\/elcorner\/wp-json\/wp\/v2\/media?parent=352"}],"wp:term":[{"taxonomy":"category","embeddable":true,"href":"https:\/\/blogs.elcorreo.com\/elcorner\/wp-json\/wp\/v2\/categories?post=352"},{"taxonomy":"post_tag","embeddable":true,"href":"https:\/\/blogs.elcorreo.com\/elcorner\/wp-json\/wp\/v2\/tags?post=352"}],"curies":[{"name":"wp","href":"https:\/\/api.w.org\/{rel}","templated":true}]}}