{"id":277,"date":"2010-02-25T18:45:00","date_gmt":"2010-02-25T18:45:00","guid":{"rendered":"http:\/\/blogs.elcorreo.com\/elcascarrabias\/?p=277"},"modified":"2010-02-25T18:45:00","modified_gmt":"2010-02-25T18:45:00","slug":"ciclogenesis-y-apocalipsis","status":"publish","type":"post","link":"https:\/\/blogs.elcorreo.com\/elcascarrabias\/2010\/02\/25\/ciclogenesis-y-apocalipsis\/","title":{"rendered":"Ciclog\u00e9nesis y apocalipsis"},"content":{"rendered":"<p><IMG src='\/elcascarrabias\/wp-content\/uploads\/sites\/33' id='img_0' class='imgcen'\/><\/p>\n<p>No s\u00e9 ustedes, pero a mi la palabreja de marras se me ha quedado grabada en el cerebro (cada d\u00eda el disco duro es menos permeable a los nuevos t\u00e9rminos) entre otras cosas por los sucesos acaecidos en enero del pasado a\u00f1o. Ciclog\u00e9nesis explosiva, un fen\u00f3meno meteorol\u00f3gico extra\u00f1o pero que ya se ha registrado en Espa\u00f1a en anteriores ocasiones, y con el que nos amenazan los meteor\u00f3logos para este fin de semana. La cuesti\u00f3n es que una profunda borrasca que nace en el Atl\u00e1ntico y que se desplazar\u00e1 hacia el Cant\u00e1brico nos va a sacudir de lleno a finales de este mes. Vientos de entre 90 y 130 kil\u00f3metros por hora y un temporal mar\u00edtimo con olas de seis metros ser\u00e1n las consecuencias m\u00e1s visibles de este nuevo temporal. Y es que esto es un sinvivir.<\/p>\n<p>Los expertos en meteorolog\u00eda aseguran que<A href=\"http:\/\/www.cazatormentas.net\/index.php\/Ultimas\/Una-bomba-meteorologica-en-el-Atlantico.html\" title=\"http:\/\/www.cazatormentas.net\/index.php\/Ultimas\/Una-bomba-meteorologica-en-el-Atlantico.html\" id=link_1> la borrasca se est\u00e1 empezando a formar ahora <\/a> y, debido a una serie de factores diversos que concurrir\u00e1n a la vez, se convertir\u00e1 en una &#8216;ciclog\u00e9nesis explosiva&#8217;, es decir una borrasca con un ciclo de vida muy corto, de entre 24 y 36 horas, &#8220;pero muy intensa y con vientos muy fuertes&#8221;. La borrasca, que ahora se est\u00e1 formando en Madeira, &#8220;rozar\u00e1&#8221; las islas occidentales de Canarias, y se ir\u00e1 &#8220;reforzando&#8221; en su camino hacia la pen\u00ednsula, de tal forma que se prev\u00e9 que aparecer\u00e1 ma\u00f1ana por la noche en Canarias y durar\u00e1 hasta primeras horas del domingo 28 de febrero.<\/p>\n<p>Hace poco m\u00e1s de un a\u00f1o (<A href=\"http:\/\/blogs.elcorreo.com\/elcascarrabias\/2009\/1\/24\/doce-horas-sin-luz\" title=\"http:\/\/blogs.elcorreo.com\/elcascarrabias\/2009\/1\/24\/doce-horas-sin-luz\" id=link_0>24 y 25 de enero<\/a> ) se produjo una situaci\u00f3n similar en el norte de la Pen\u00ednsula y en 1998 otra ciclog\u00e9nesis explosiva en el Cant\u00e1brico dio lugar a una tempestad que provoc\u00f3 el hundimiento del pesquero Marero, del Pa\u00eds Vasco, y la muerte de sus ocho tripulantes. Seg\u00fan los expertos, los efectos de este fen\u00f3meno pueden ser devastadores y similares a los de un cicl\u00f3n tropical aunque no se trate de un cicl\u00f3n propiamente dicho.<\/p>\n<p>S\u00f3lo espero que en esta ocasi\u00f3n la alarma no nos coja despistados y que todos los servicios se pongan a la tarea. Que se prevean con tiempo para actuar los planes que proceden llevar a  cabo  y que, de esta forma, el fen\u00f3meno no provoque los cortes de luz y las angustias que eso lleva en la poblaci\u00f3n.<\/p>\n<p>Espero que las alarmas que conllevan este tipo de fen\u00f3menos est\u00e9n menos dirigidas a acongojar a la poblaci\u00f3n que a poner las pilas a los servicios de emergencia, porque de ser al rev\u00e9s, mal vamos. No nos vale que nos avisen de lo que nos puede pasar, porque se supone que las emergencias est\u00e1n para evitar los problemas. Y si se sabe con antelaci\u00f3n que se pueden producir, habr\u00e1 que poner los efectivos suficientes para contemplar las posibles deficiencias en los servicios m\u00e1s sensibles.<\/p>\n<p>Est\u00e1is avisados, no es un cartel de aviso que nos puedan poner a los ciudadanos. No se trata de ponerse la venda antes de que llegue la herida. Sino de evitar precisamente  que resultemos afectados. Si el fen\u00f3meno desborda todas las previsiones, afrontaremos las consecuencias; pero que no sea por falta de medios y por reflejos. La advertencia est\u00e1 sobre la mesa.<\/p>\n<!-- AddThis Advanced Settings generic via filter on the_content --><!-- AddThis Share Buttons generic via filter on the_content -->","protected":false},"excerpt":{"rendered":"<p>No s\u00e9 ustedes, pero a mi la palabreja de marras se me ha quedado grabada en el cerebro (cada d\u00eda el disco duro es menos permeable a los nuevos t\u00e9rminos) entre otras cosas por los sucesos acaecidos en enero del pasado a\u00f1o. Ciclog\u00e9nesis explosiva, un fen\u00f3meno meteorol\u00f3gico extra\u00f1o pero que ya se ha registrado en [&hellip;]<!-- AddThis Advanced Settings generic via filter on get_the_excerpt --><!-- AddThis Share Buttons generic via filter on get_the_excerpt --><\/p>\n","protected":false},"author":46,"featured_media":0,"comment_status":"open","ping_status":"closed","sticky":false,"template":"","format":"standard","meta":[],"categories":[2],"tags":[47,112,206,220,631,671,946],"_links":{"self":[{"href":"https:\/\/blogs.elcorreo.com\/elcascarrabias\/wp-json\/wp\/v2\/posts\/277"}],"collection":[{"href":"https:\/\/blogs.elcorreo.com\/elcascarrabias\/wp-json\/wp\/v2\/posts"}],"about":[{"href":"https:\/\/blogs.elcorreo.com\/elcascarrabias\/wp-json\/wp\/v2\/types\/post"}],"author":[{"embeddable":true,"href":"https:\/\/blogs.elcorreo.com\/elcascarrabias\/wp-json\/wp\/v2\/users\/46"}],"replies":[{"embeddable":true,"href":"https:\/\/blogs.elcorreo.com\/elcascarrabias\/wp-json\/wp\/v2\/comments?post=277"}],"version-history":[{"count":0,"href":"https:\/\/blogs.elcorreo.com\/elcascarrabias\/wp-json\/wp\/v2\/posts\/277\/revisions"}],"wp:attachment":[{"href":"https:\/\/blogs.elcorreo.com\/elcascarrabias\/wp-json\/wp\/v2\/media?parent=277"}],"wp:term":[{"taxonomy":"category","embeddable":true,"href":"https:\/\/blogs.elcorreo.com\/elcascarrabias\/wp-json\/wp\/v2\/categories?post=277"},{"taxonomy":"post_tag","embeddable":true,"href":"https:\/\/blogs.elcorreo.com\/elcascarrabias\/wp-json\/wp\/v2\/tags?post=277"}],"curies":[{"name":"wp","href":"https:\/\/api.w.org\/{rel}","templated":true}]}}