{"id":3879,"date":"2014-05-05T12:54:25","date_gmt":"2014-05-05T11:54:25","guid":{"rendered":"http:\/\/blogs.elcorreo.com\/el-navegante\/?p=3879"},"modified":"2014-05-05T12:54:25","modified_gmt":"2014-05-05T11:54:25","slug":"marte-vesta-y-ceres-paseando-por-virgo","status":"publish","type":"post","link":"https:\/\/blogs.elcorreo.com\/el-navegante\/2014\/05\/05\/marte-vesta-y-ceres-paseando-por-virgo\/","title":{"rendered":"Marte, Vesta y Ceres, paseando por Virgo"},"content":{"rendered":"<p style=\"text-align: center;\"><a href=\"\/el-navegante\/wp-content\/uploads\/sites\/18\/2014\/05\/Clipboard01.jpg\" target=\"_blank\"><img loading=\"lazy\" class=\"aligncenter  wp-image-3880\" title=\"Clipboard01\" src=\"\/el-navegante\/wp-content\/uploads\/sites\/18\/2014\/05\/Clipboard01.jpg\" alt=\"\" width=\"614\" height=\"510\" srcset=\"https:\/\/blogs.elcorreo.com\/el-navegante\/wp-content\/uploads\/sites\/18\/2014\/05\/Clipboard01.jpg 3648w, https:\/\/blogs.elcorreo.com\/el-navegante\/wp-content\/uploads\/sites\/18\/2014\/05\/Clipboard01-300x249.jpg 300w, https:\/\/blogs.elcorreo.com\/el-navegante\/wp-content\/uploads\/sites\/18\/2014\/05\/Clipboard01-768x638.jpg 768w, https:\/\/blogs.elcorreo.com\/el-navegante\/wp-content\/uploads\/sites\/18\/2014\/05\/Clipboard01-1024x850.jpg 1024w\" sizes=\"(max-width: 614px) 100vw, 614px\" \/><\/a><strong><em>En c\u00edrculos rojos, las tres estrellas de referencia para apreciar el movimiento de Ceres y Vesta<\/em><\/strong><\/p>\n<p style=\"text-align: left;\">Es \u00e9poca propicia para observar el movimiento de estos tres cuerpos del Sistema Solar. Lo explic\u00e1bamos y propon\u00edamos aqu\u00ed: <a href=\"http:\/\/blogs.elcorreo.com\/el-navegante\/2014\/04\/10\/ceres-y-vesta-juntos-en-el-cielo\/\" target=\"_blank\">Ceres y Vesta, juntos en el cielo<\/a>. Con un cielo decente, unos prism\u00e1ticos y un poco de paciencia, no es dif\u00edcil localizar a esos dos asteroides.<\/p>\n<p style=\"text-align: left;\">Marte, Vesta y Ceres se encuentran en Virgo. Y estas dos \u00faltimas semanas hemos tomado algunas fotos para mostrar su <strong>movimiento<\/strong>. Aqu\u00ed las ten\u00e9is. <strong>En el caso de Marte, es muy evidente.<\/strong> Para apreciar el movimiento de <strong>Ceres y Vesta, tomad como referencia,<\/strong> en las fotos, <strong>ese triangulo de estrellas me hemos marcado con circulo rojo<\/strong> en la foto que abre el art\u00edculo.<\/p>\n<p style=\"text-align: left;\">Es una curiosa experiencia que os animo a hacer. \u00bfAlguien recoge el guante?<\/p>\n<p style=\"text-align: center;\"><img loading=\"lazy\" class=\"aligncenter\" src=\"https:\/\/farm8.staticflickr.com\/7431\/14080000726_555e98d00f_k.jpg\" alt=\"\" width=\"590\" height=\"505\" \/><em>Gallegos del Campo (Zamora),\u00a0<strong>18<\/strong><\/em><strong>\u00a0de abril de 2014<\/strong><em>\u00a0| Autor:\u00a0<strong>Manu Arregi<\/strong><\/em><\/p>\n<p style=\"text-align: center;\"><img loading=\"lazy\" class=\"aligncenter\" src=\"https:\/\/farm8.staticflickr.com\/7069\/14103517174_0c5da78350_b.jpg\" alt=\"\" width=\"614\" height=\"548\" \/><em>Gallegos del Campo (Zamora),\u00a0<strong>21<\/strong><\/em><strong>\u00a0de abril de 2014<\/strong><em>\u00a0| Autor:\u00a0<strong>Manu Arregi<\/strong><\/em><\/p>\n<p style=\"text-align: center;\"><img loading=\"lazy\" class=\"aligncenter\" src=\"https:\/\/farm3.staticflickr.com\/2910\/14103505414_03076133d4_b.jpg\" alt=\"\" width=\"614\" height=\"510\" \/><em>Gallegos del Campo (Zamora),\u00a0<strong>1 de mayo<\/strong><\/em><strong>\u00a0de 2014<\/strong><em>\u00a0| Autor:\u00a0<strong>Manu Arregi<\/strong><\/em><\/p>\n<p style=\"text-align: center;\"><em><strong><\/strong><\/em><img loading=\"lazy\" class=\"aligncenter\" src=\"https:\/\/farm8.staticflickr.com\/7176\/13916483118_930e57589c_b.jpg\" alt=\"\" width=\"614\" height=\"541\" \/><em>Gallegos del Campo (Zamora), <strong>2\u00a0de mayo<\/strong><\/em><strong>\u00a0de 2014<\/strong><em>\u00a0| Autor:\u00a0<strong>Manu Arregi<\/strong><\/em><\/p>\n<!-- AddThis Advanced Settings generic via filter on the_content --><!-- AddThis Share Buttons generic via filter on the_content -->","protected":false},"excerpt":{"rendered":"<p>En c\u00edrculos rojos, las tres estrellas de referencia para apreciar el movimiento de Ceres y Vesta Es \u00e9poca propicia para observar el movimiento de estos tres cuerpos del Sistema Solar. Lo explic\u00e1bamos y propon\u00edamos aqu\u00ed: Ceres y Vesta, juntos en el cielo. Con un cielo decente, unos prism\u00e1ticos y un poco de paciencia, no es [&hellip;]<!-- AddThis Advanced Settings generic via filter on get_the_excerpt --><!-- AddThis Share Buttons generic via filter on get_the_excerpt --><\/p>\n","protected":false},"author":26,"featured_media":0,"comment_status":"open","ping_status":"closed","sticky":false,"template":"","format":"standard","meta":[],"categories":[8,17,22],"tags":[195,607,932],"_links":{"self":[{"href":"https:\/\/blogs.elcorreo.com\/el-navegante\/wp-json\/wp\/v2\/posts\/3879"}],"collection":[{"href":"https:\/\/blogs.elcorreo.com\/el-navegante\/wp-json\/wp\/v2\/posts"}],"about":[{"href":"https:\/\/blogs.elcorreo.com\/el-navegante\/wp-json\/wp\/v2\/types\/post"}],"author":[{"embeddable":true,"href":"https:\/\/blogs.elcorreo.com\/el-navegante\/wp-json\/wp\/v2\/users\/26"}],"replies":[{"embeddable":true,"href":"https:\/\/blogs.elcorreo.com\/el-navegante\/wp-json\/wp\/v2\/comments?post=3879"}],"version-history":[{"count":0,"href":"https:\/\/blogs.elcorreo.com\/el-navegante\/wp-json\/wp\/v2\/posts\/3879\/revisions"}],"wp:attachment":[{"href":"https:\/\/blogs.elcorreo.com\/el-navegante\/wp-json\/wp\/v2\/media?parent=3879"}],"wp:term":[{"taxonomy":"category","embeddable":true,"href":"https:\/\/blogs.elcorreo.com\/el-navegante\/wp-json\/wp\/v2\/categories?post=3879"},{"taxonomy":"post_tag","embeddable":true,"href":"https:\/\/blogs.elcorreo.com\/el-navegante\/wp-json\/wp\/v2\/tags?post=3879"}],"curies":[{"name":"wp","href":"https:\/\/api.w.org\/{rel}","templated":true}]}}