{"id":2905,"date":"2013-10-10T18:34:01","date_gmt":"2013-10-10T17:34:01","guid":{"rendered":"http:\/\/blogs.elcorreo.com\/el-navegante\/?p=2905"},"modified":"2013-10-10T18:34:01","modified_gmt":"2013-10-10T17:34:01","slug":"viernes-11-de-octubre-x-lunar-y-triple-transito-en-jupiter","status":"publish","type":"post","link":"https:\/\/blogs.elcorreo.com\/el-navegante\/2013\/10\/10\/viernes-11-de-octubre-x-lunar-y-triple-transito-en-jupiter\/","title":{"rendered":"Viernes 11 de octubre: X lunar y triple tr\u00e1nsito en J\u00fapiter"},"content":{"rendered":"<p>La noche de viernes a s\u00e1bado se muestra muy animada. Dos eventos curiosos a observar en la que puede ser una larga noche de observaci\u00f3n.<\/p>\n<p><a href=\"\/el-navegante\/wp-content\/uploads\/sites\/18\/2013\/10\/Lunar_X_20090515_3.jpg\"><img loading=\"lazy\" class=\"aligncenter size-full wp-image-2908\" title=\"Lunar_X_20090515_3\" src=\"\/el-navegante\/wp-content\/uploads\/sites\/18\/2013\/10\/Lunar_X_20090515_3.jpg\" alt=\"\" width=\"524\" height=\"524\" srcset=\"https:\/\/blogs.elcorreo.com\/el-navegante\/wp-content\/uploads\/sites\/18\/2013\/10\/Lunar_X_20090515_3.jpg 524w, https:\/\/blogs.elcorreo.com\/el-navegante\/wp-content\/uploads\/sites\/18\/2013\/10\/Lunar_X_20090515_3-150x150.jpg 150w, https:\/\/blogs.elcorreo.com\/el-navegante\/wp-content\/uploads\/sites\/18\/2013\/10\/Lunar_X_20090515_3-300x300.jpg 300w\" sizes=\"(max-width: 524px) 100vw, 524px\" \/><\/a><\/p>\n<p><strong>X Lunar<\/strong><\/p>\n<p>Como todos los meses, en las cercan\u00edas del cuarto creciente tiene lugar un curioso fen\u00f3meno. Cuando la luz solar comienza a iluminar los bordes de varios cr\u00e1teres lunares, una X parece dibujarse en la Luna. Seg\u00fan los c\u00e1lculos de <a href=\"http:\/\/www.astrosurf.com\/astronosur\/\" target=\"_blank\" rel=\"external nofollow\">Enzo De Bernardini<\/a>, de <a href=\"http:\/\/www.surastronomico.com\/index.html\" target=\"_blank\" rel=\"external nofollow\">Sur Astron\u00f3mico<\/a>, la X comenzar\u00e1 a dibujarse a las 20h25 UTC (22h25 hora oficial peninsular espa\u00f1ola). Tendr\u00e9mos, desde aqu\u00ed y dependiendo de nuestra posici\u00f3n y horizonte, m\u00e1s de una hora para observar el fen\u00f3meno. M\u00e1s si observamos desde Am\u00e9rica. Desde all\u00ed, en algunos lugares, ser\u00e1 a\u00fan de d\u00eda al comienzo del fen\u00f3meno, pero observable, igualmente. M\u00e1s informaci\u00f3n: <a href=\"http:\/\/www.surastronomico.com\/not-502-lunar-x.html\" target=\"_blank\" rel=\"external nofollow\">Lunar X, Sur Astron\u00f3mico<\/a>. \u00a1Animaos y observad! Ese telescopio que sigue acumulando polvo desde las Navidades pasadas, puede servir.<br \/>\nY para los fot\u00f3grafos, \u00bfqu\u00e9 tal una puesta de Luna con la X marcada?<\/p>\n<p><strong>Triple tr\u00e1nsito en J\u00fapiter<\/strong><\/p>\n<p>Si el comienzo de la noche se muestra animado, no va a ser menos su final. A partir de las 3h30 UTC, 5h30 hora peninsular, la sombra de tres sat\u00e9lites jovianos comenzar\u00e1 a ser visible sobre el disco del planeta gigante. Estos son los horarios de entrada de las sombras:<\/p>\n<p>3h12 UTC, 5h12 hora peninsular sombra de Calisto<br \/>\n3h24 UTC, 5h24 hora peninsular sombra de Europa<br \/>\n4h32 UTC, 6h32 hora peninsular sombra de Io<\/p>\n<p>Esto es lo que se ver\u00e1 a partir de esa hora (NOTA: A trav\u00e9s del telescopio, veremos estas im\u00e1genes, pero invertidas. Es decir, las sombras no entrar\u00e1s por la &#8220;izquierda&#8221;, si no por la &#8220;derecha&#8221;):<\/p>\n<p style=\"text-align: center;\"><a href=\"\/el-navegante\/wp-content\/uploads\/sites\/18\/2013\/10\/Clipboard014.jpg\"><img loading=\"lazy\" class=\"aligncenter  wp-image-2906\" title=\"Clipboard01\" src=\"\/el-navegante\/wp-content\/uploads\/sites\/18\/2013\/10\/Clipboard014.jpg\" alt=\"\" width=\"550\" height=\"374\" srcset=\"https:\/\/blogs.elcorreo.com\/el-navegante\/wp-content\/uploads\/sites\/18\/2013\/10\/Clipboard014.jpg 687w, https:\/\/blogs.elcorreo.com\/el-navegante\/wp-content\/uploads\/sites\/18\/2013\/10\/Clipboard014-300x204.jpg 300w\" sizes=\"(max-width: 550px) 100vw, 550px\" \/><\/a><\/p>\n<p style=\"text-align: center;\"><a href=\"\/el-navegante\/wp-content\/uploads\/sites\/18\/2013\/10\/Clipboard024.jpg\" target=\"_blank\"><img loading=\"lazy\" class=\"aligncenter  wp-image-2907\" title=\"Clipboard02\" src=\"\/el-navegante\/wp-content\/uploads\/sites\/18\/2013\/10\/Clipboard024.jpg\" alt=\"\" width=\"493\" height=\"387\" srcset=\"https:\/\/blogs.elcorreo.com\/el-navegante\/wp-content\/uploads\/sites\/18\/2013\/10\/Clipboard024.jpg 616w, https:\/\/blogs.elcorreo.com\/el-navegante\/wp-content\/uploads\/sites\/18\/2013\/10\/Clipboard024-300x236.jpg 300w\" sizes=\"(max-width: 493px) 100vw, 493px\" \/><\/a><\/p>\n<p>Si nos aficionamos al fen\u00f3meno, a\u00fan hay m\u00e1s. Aqu\u00ed una lista: <a href=\"http:\/\/www.surastronomico.com\/jupiter\" target=\"_blank\" rel=\"external nofollow\">fen\u00f3menos sat\u00e9lites jovianos<\/a><\/p>\n<p>Y, para cerrar, un v\u00eddeo del tr\u00e1nsito de la sombra de J\u00fapiter, en 2012.<\/p>\n<p><iframe loading=\"lazy\" src=\"\/\/www.youtube.com\/embed\/F2X3FzGK3Ko\" frameborder=\"0\" width=\"640\" height=\"480\"><\/iframe><\/p>\n<!-- AddThis Advanced Settings generic via filter on the_content --><!-- AddThis Share Buttons generic via filter on the_content -->","protected":false},"excerpt":{"rendered":"<p>La noche de viernes a s\u00e1bado se muestra muy animada. Dos eventos curiosos a observar en la que puede ser una larga noche de observaci\u00f3n. X Lunar Como todos los meses, en las cercan\u00edas del cuarto creciente tiene lugar un curioso fen\u00f3meno. Cuando la luz solar comienza a iluminar los bordes de varios cr\u00e1teres lunares, [&hellip;]<!-- AddThis Advanced Settings generic via filter on get_the_excerpt --><!-- AddThis Share Buttons generic via filter on get_the_excerpt --><\/p>\n","protected":false},"author":26,"featured_media":0,"comment_status":"open","ping_status":"closed","sticky":false,"template":"","format":"standard","meta":[],"categories":[26],"tags":[],"_links":{"self":[{"href":"https:\/\/blogs.elcorreo.com\/el-navegante\/wp-json\/wp\/v2\/posts\/2905"}],"collection":[{"href":"https:\/\/blogs.elcorreo.com\/el-navegante\/wp-json\/wp\/v2\/posts"}],"about":[{"href":"https:\/\/blogs.elcorreo.com\/el-navegante\/wp-json\/wp\/v2\/types\/post"}],"author":[{"embeddable":true,"href":"https:\/\/blogs.elcorreo.com\/el-navegante\/wp-json\/wp\/v2\/users\/26"}],"replies":[{"embeddable":true,"href":"https:\/\/blogs.elcorreo.com\/el-navegante\/wp-json\/wp\/v2\/comments?post=2905"}],"version-history":[{"count":0,"href":"https:\/\/blogs.elcorreo.com\/el-navegante\/wp-json\/wp\/v2\/posts\/2905\/revisions"}],"wp:attachment":[{"href":"https:\/\/blogs.elcorreo.com\/el-navegante\/wp-json\/wp\/v2\/media?parent=2905"}],"wp:term":[{"taxonomy":"category","embeddable":true,"href":"https:\/\/blogs.elcorreo.com\/el-navegante\/wp-json\/wp\/v2\/categories?post=2905"},{"taxonomy":"post_tag","embeddable":true,"href":"https:\/\/blogs.elcorreo.com\/el-navegante\/wp-json\/wp\/v2\/tags?post=2905"}],"curies":[{"name":"wp","href":"https:\/\/api.w.org\/{rel}","templated":true}]}}