{"id":2122,"date":"2012-12-12T14:30:08","date_gmt":"2012-12-12T13:30:08","guid":{"rendered":"http:\/\/blogs.elcorreo.com\/el-navegante\/?p=2122"},"modified":"2012-12-12T14:30:08","modified_gmt":"2012-12-12T13:30:08","slug":"lluvia-de-geminidas-la-noche-del-13-al-14","status":"publish","type":"post","link":"https:\/\/blogs.elcorreo.com\/el-navegante\/2012\/12\/12\/lluvia-de-geminidas-la-noche-del-13-al-14\/","title":{"rendered":"Lluvia de Gem\u00ednidas, la noche del 13 al 14"},"content":{"rendered":"<p>Se acerca ya la que, a decir de muchos, es <strong>la mejor lluvia de meteoros del a\u00f1o<\/strong>, las Gem\u00ednidas. En realidad ha comenzado ya, pues es una lluvia que se extiende varios d\u00edas alrededor de la fecha del <strong>m\u00e1ximo de actividad<\/strong>, previsto para <strong>la noche del 13 al 14 de diciembre a las 23h30 UT<\/strong>. La tasa horaria cenital (<a href=\"http:\/\/es.wikipedia.org\/wiki\/Tasa_Horaria_Zenital\" target=\"_blank\" rel=\"external nofollow\">THZ<\/a>) prevista es de 120, bastante alta, por tanto. En el caso de las gem\u00ednidas, el pico de actividad no es muy pronunciado, por lo que <strong>la tasa de actividad se mantendr\u00e1 alta varias noches<\/strong>, especialmente la noche anterior y posterior.<\/p>\n<p><strong>La ausencia de Luna ayudar\u00e1 este a\u00f1o<\/strong>, por su ausencia. Las gem\u00ednidas, como su propio nombre indica, tienen su radiante mete\u00f3rico en la constelaci\u00f3n de G\u00e9minis. Por eso, <strong>cuanto m\u00e1s avanzada la noche, mejor<\/strong>, pues tendremos el radiante m\u00e1s alto. Para identificar si un meteoro que hemos visto es gem\u00ednida o no, prolonguemos su trayectoria hacia atr\u00e1s. En caso de ser gem\u00ednida, nos encontraremos siempre con la constelaci\u00f3n de G\u00e9minis.<\/p>\n<p><strong>La velocidad de los meteoros es moderada y su color, blanco por lo general<\/strong>. Son adem\u00e1s, <strong>brillantes en un alto porcentaje<\/strong>, lo que har\u00e1 entretenida la observaci\u00f3n<\/p>\n<p>Evidentemente, cuanto m\u00e1s oscuro sea nuestro lugar de observaci\u00f3n, mejor disfrutaremos de esta interesante lluvia.<\/p>\n<p>Este es el mapa del radiante, para el hemisferio norte:<\/p>\n<p><a href=\"\/el-navegante\/wp-content\/uploads\/sites\/18\/2012\/12\/geminidas-2010-1.jpg\"><img loading=\"lazy\" class=\"aligncenter size-full wp-image-2123\" title=\"geminidas-2010-1\" src=\"\/el-navegante\/wp-content\/uploads\/sites\/18\/2012\/12\/geminidas-2010-1.jpg\" alt=\"\" width=\"841\" height=\"650\" srcset=\"https:\/\/blogs.elcorreo.com\/el-navegante\/wp-content\/uploads\/sites\/18\/2012\/12\/geminidas-2010-1.jpg 841w, https:\/\/blogs.elcorreo.com\/el-navegante\/wp-content\/uploads\/sites\/18\/2012\/12\/geminidas-2010-1-300x232.jpg 300w, https:\/\/blogs.elcorreo.com\/el-navegante\/wp-content\/uploads\/sites\/18\/2012\/12\/geminidas-2010-1-768x594.jpg 768w\" sizes=\"(max-width: 841px) 100vw, 841px\" \/><\/a><\/p>\n<p>Y este el mapa para el hemisferio Sur, tomado de <a href=\"http:\/\/www.surastronomico.com\/not-651-geminidas.html\" target=\"_blank\" rel=\"external nofollow\">Sur Astron\u00f3mico<\/a>.<\/p>\n<p><a href=\"\/el-navegante\/wp-content\/uploads\/sites\/18\/2012\/12\/Geminidas_20101211_1.gif\"><img loading=\"lazy\" class=\"aligncenter size-full wp-image-2125\" title=\"Geminidas_20101211_1\" src=\"\/el-navegante\/wp-content\/uploads\/sites\/18\/2012\/12\/Geminidas_20101211_1.gif\" alt=\"\" width=\"524\" height=\"400\" \/><\/a><\/p>\n<!-- AddThis Advanced Settings generic via filter on the_content --><!-- AddThis Share Buttons generic via filter on the_content -->","protected":false},"excerpt":{"rendered":"<p>Se acerca ya la que, a decir de muchos, es la mejor lluvia de meteoros del a\u00f1o, las Gem\u00ednidas. En realidad ha comenzado ya, pues es una lluvia que se extiende varios d\u00edas alrededor de la fecha del m\u00e1ximo de actividad, previsto para la noche del 13 al 14 de diciembre a las 23h30 UT. [&hellip;]<!-- AddThis Advanced Settings generic via filter on get_the_excerpt --><!-- AddThis Share Buttons generic via filter on get_the_excerpt --><\/p>\n","protected":false},"author":26,"featured_media":0,"comment_status":"open","ping_status":"closed","sticky":false,"template":"","format":"standard","meta":[],"categories":[22],"tags":[432,569],"_links":{"self":[{"href":"https:\/\/blogs.elcorreo.com\/el-navegante\/wp-json\/wp\/v2\/posts\/2122"}],"collection":[{"href":"https:\/\/blogs.elcorreo.com\/el-navegante\/wp-json\/wp\/v2\/posts"}],"about":[{"href":"https:\/\/blogs.elcorreo.com\/el-navegante\/wp-json\/wp\/v2\/types\/post"}],"author":[{"embeddable":true,"href":"https:\/\/blogs.elcorreo.com\/el-navegante\/wp-json\/wp\/v2\/users\/26"}],"replies":[{"embeddable":true,"href":"https:\/\/blogs.elcorreo.com\/el-navegante\/wp-json\/wp\/v2\/comments?post=2122"}],"version-history":[{"count":0,"href":"https:\/\/blogs.elcorreo.com\/el-navegante\/wp-json\/wp\/v2\/posts\/2122\/revisions"}],"wp:attachment":[{"href":"https:\/\/blogs.elcorreo.com\/el-navegante\/wp-json\/wp\/v2\/media?parent=2122"}],"wp:term":[{"taxonomy":"category","embeddable":true,"href":"https:\/\/blogs.elcorreo.com\/el-navegante\/wp-json\/wp\/v2\/categories?post=2122"},{"taxonomy":"post_tag","embeddable":true,"href":"https:\/\/blogs.elcorreo.com\/el-navegante\/wp-json\/wp\/v2\/tags?post=2122"}],"curies":[{"name":"wp","href":"https:\/\/api.w.org\/{rel}","templated":true}]}}