{"id":1624,"date":"2015-07-09T12:46:36","date_gmt":"2015-07-09T12:46:36","guid":{"rendered":"http:\/\/blogs.elcorreo.com\/dominguez\/?p=1624"},"modified":"2015-07-09T12:46:36","modified_gmt":"2015-07-09T12:46:36","slug":"los-alemanes-van-a-venir","status":"publish","type":"post","link":"https:\/\/blogs.elcorreo.com\/dominguez\/2015\/07\/09\/los-alemanes-van-a-venir\/","title":{"rendered":"Los alemanes van a venir"},"content":{"rendered":"<div id=\"yiv7998256159yui_3_16_0_1_1436368870134_36520\"><\/div>\n<div>\n<p>&nbsp;<\/p>\n<p>Los gobiernos y las agencias de viajes europeos est\u00e1n aconsejando a los turistas que van a Grecia, aunque se est\u00e1n disparando las cancelaciones, que se lleven dinero contante en abundancia y reservas de medicinas. Circulan en los medios fotos de estanter\u00edas vac\u00edas en los supermercados de Atenas. Falsa alarma: no es f\u00e1cil encontrar farmacias o tiendas desabastecidas en la capital griega. \u201cEs verdad que hubo cierto p\u00e1nico cuando se cerraron los bancos y algunos productos, la pasta, la harina, el az\u00facar, se acabaron porque la gente acapar\u00f3 de todo. Supongo que las fotos se hicieron esos d\u00edas. Pero desde entonces no hay problema, no falta nada\u201d, dice el director de un supermercado de Atenas indicando las baldas llenas. Luego se\u00f1ala al cielo: \u201cLo que pasar\u00e1 a partir del domingo, si no hay acuerdo con Europa, s\u00f3lo Dios lo sabe\u201d.<\/p>\n<p>Es un supermercado de la cadena AB, Alfa Beta Vassilopoulos, la segunda del pa\u00eds con 350 establecimientos. En realidad desde los noventa pertenece a la multinacional belga Delhaize, presente en tres continentes, y puede aguantar bien, de momento, el impacto del corralito. Los pl\u00e1tanos, de Ecuador, est\u00e1n a 1,60 euros. El litro de leche, belga, de marca blanca, 0,98. Hasta las patatas son importadas: 0,64, de Chipre, cinco c\u00e9ntimos m\u00e1s baratas que las griegas. El litro m\u00e1s barato de aceite heleno, tercer productor mundial, est\u00e1 a 5,80 euros. Grecia importa la mayor parte de lo que consume y si se alarga el bloqueo de capitales el engranaje se atascar\u00e1 r\u00e1pido, por no hablar de lo que pasar\u00e1 si sale del euro.<\/p>\n<p>Los bancos, cerrados el lunes 29 de junio, iban a reabrir sus puertas este martes, luego se aplaz\u00f3 a hoy y ayer, hasta el pr\u00f3ximo lunes. Pero nadie en Atenas cree que vaya a ser en semanas, la gente los asaltar\u00eda para vaciar las cuentas corrientes. El Gobierno va anunciando las pr\u00f3rrogas con cuentagotas, para no asustar. \u201cMira, yo no me asusto, porque dinero ya no tenemos, media Grecia ya es pobre desde hace cinco a\u00f1os para ac\u00e1, nos iremos arreglando\u201d, dice Danae, ama de casa. Se las arreglan, por ejemplo, no pagando impuestos. El otro d\u00eda termin\u00f3 el plazo de la declaraci\u00f3n de la renta y solo dio se\u00f1ales de vida un tercio de los ciudadanos. El Gobierno ha tenido que ampliarlo hasta el 27 de julio. La compa\u00f1\u00eda el\u00e9ctrica nacional, DEI, ha confirmado que las facturas no pagadas est\u00e1n abriendo un agujero de 20 millones de euros al d\u00eda. La patronal advirti\u00f3 ayer que el consumo del peque\u00f1o comercio ha ca\u00eddo en estos d\u00edas un 70%.<\/p>\n<\/div>\n<div id=\"yiv7998256159yui_3_16_0_1_1436368870134_36520\">\n<p>Los griegos esperan que su primer ministro, Alexis Tsipras, negocie bien, o mal, o lo que sea, pero que cierre un acuerdo y acabe el domingo con este estado de excepci\u00f3n. Sobre lo que vendr\u00e1 despu\u00e9s nadie se hace ilusiones. \u201cNo, no hay problemas de suministro, de momento, pero le puedo decir que la mitad de las 11.000 farmacias que hay en Grecia cerrar\u00e1 si el Gobierno acepta las imposiciones de Bruselas: quieren que bajemos un 40% el precio de las medicinas. Empezaremos a cerrar, liberalizar\u00e1n la venta en supermercados y vendr\u00e1n cadenas alemanas, o de donde sea, a hacerse con el negocio\u201d, opina Giorgios Papaxarisis, un farmac\u00e9utico del c\u00e9ntrico barrio de Ambelokipi. Apunta que las ventas han bajado de 5.700 millones en 2010 a 1.500 el a\u00f1o pasado. \u201cEst\u00e1n experimentando con nosotros un modelo de explotaci\u00f3n que luego aplicar\u00e1n en Espa\u00f1a y otros pa\u00edses del sur\u201d.<\/p>\n<p>Es el mismo razonamiento que hac\u00eda a esa hora Tsipras ante el Parlamento europeo, denunciando que Grecia ha sido usada como conejillo de indias de las recetas de austeridad. Una de sus primeras decisiones al ganar las elecciones en enero fue paralizar las privatizaciones de los 14 aeropuertos regionales griegos, con gran enfado de Alemania. Porque incumpl\u00eda lo pactado con la troika, pero quiz\u00e1 tambi\u00e9n porque iban a ir a parar a la empresa germana Fraport, que gestiona el aeropuerto de Frankfurt.<\/p>\n<p>Este barrio bien de Atenas vot\u00f3 \u2018s\u00ed\u2019 en masa en el refer\u00e9ndum, pero piensan m\u00e1s o menos como Tsipras, hay ideas comunes y compartidas por muchos griegos. Este pueblo es dado a paranoias de conspiraciones exteriores, porque ha vivido hist\u00f3ricamente en guardia esperando al enemigo, desde los persas al imperio otomano, de los fascistas italianos a a los actuales vecinos turcos. Tambi\u00e9n, es cierto, se resiste a la modernizaci\u00f3n y a la globalizaci\u00f3n. Pero los m\u00e9dicos de este barrio acomodado ya est\u00e1n cobrando 800 euros al mes y no quieren seguir bajando. \u201cPretenden reducirnos a ser Bulgaria o Albania, mano de obra barata en una Europa a dos velocidades\u201d, se queja Papaxarisis. Y ya te compras pisos en Atenas o en islas paradisiacas por precios rid\u00edculos. Alemania, odiada desde la ocupaci\u00f3n nazi y demonizada hasta la saciedad en estos a\u00f1os, es la cara visible, sea verdad o no, de todos estos miedos.<\/p>\n<p>Yannis Karalis, due\u00f1o de una amplia zapater\u00eda, piensa igual. Como ejemplo muestra unas pilas de cajas: \u201cMira, marcas espa\u00f1olas, Raquel P\u00e9rez, Viguera, Liberitae, Plakton, si esto sigue as\u00ed no podr\u00e9 importarlas m\u00e1s, y perder\u00e1n este mercado. Malo para Espa\u00f1a \u00bfno? Pero en cambio mira esta otra, Marco Tozzi. No, no es italiana, Italia era la n\u00famero uno pero ya fabrican en Albania o Pakist\u00e1n. Esta marca la ha comprado una compa\u00f1\u00eda alemana, algo rar\u00edsimo, porque no es lo suyo y se est\u00e1n metiendo. Estos podr\u00e1n seguir llegando, y luego vendr\u00e1n a abrir sus tiendas. \u00a1Es un proyecto de colonizaci\u00f3n alemana!\u201d. Aqu\u00ed est\u00e1n convencidos, como en \u2018Bienvenido, Mister Marshall\u2019, de que los alemanes van a venir. O, m\u00e1s bien, como en otra pel\u00edcula, que ya est\u00e1n aqu\u00ed. Era una con t\u00edtulo alem\u00e1n: de \u2018poltern\u2019, hacer ruido, y \u2018geist\u2019, esp\u00edritu. En Espa\u00f1a se llam\u00f3 \u2018Fen\u00f3menos extra\u00f1os\u2019.<\/p>\n<p><em>(Publicado en El Correo)<\/em><\/p>\n<p><em><\/em>La lista de regalos de &#8216;Bienvenido, Mister Marshall&#8217; (1953), de Luis Garc\u00eda Berlanga:<\/p>\n<p><iframe loading=\"lazy\" src=\"https:\/\/www.youtube.com\/embed\/_RkQjCXu7UY?rel=0\" frameborder=\"0\" width=\"640\" height=\"480\"><\/iframe><br \/>\n<em><\/em><\/p>\n<p>&nbsp;<\/p>\n<p>Por cierto, Grecia entr\u00f3 en el Plan Marshall, Espa\u00f1a no y pas\u00f3 d\u00e9cadas de autarqu\u00eda y proteccionismo. Decidieron meter a Grecia, y de hecho fue la primera en recibir dinero, por su valor y peligro estrat\u00e9gico, en los Balcanes, en el l\u00edmite con Oriente y el bloque sovi\u00e9tico. Ahora Estados Unidos tambi\u00e9n presiona para salvar a Grecia por las mismas razones. La pel\u00edcula de Berlanga es de 1953 que, dicho sea de paso, fue el a\u00f1o en que se perdon\u00f3 a Alemania el 60% de su deuda de la Segunda Guerra Mundial.<\/p>\n<p>&nbsp;<\/p>\n<\/div>\n<!-- AddThis Advanced Settings generic via filter on the_content --><!-- AddThis Share Buttons generic via filter on the_content -->","protected":false},"excerpt":{"rendered":"<p>&nbsp; Los gobiernos y las agencias de viajes europeos est\u00e1n aconsejando a los turistas que van a Grecia, aunque se est\u00e1n disparando las cancelaciones, que se lleven dinero contante en abundancia y reservas de medicinas. Circulan en los medios fotos de estanter\u00edas vac\u00edas en los supermercados de Atenas. Falsa alarma: no es f\u00e1cil encontrar farmacias [&hellip;]<!-- AddThis Advanced Settings generic via filter on get_the_excerpt --><!-- AddThis Share Buttons generic via filter on get_the_excerpt --><\/p>\n","protected":false},"author":17436,"featured_media":0,"comment_status":"open","ping_status":"open","sticky":false,"template":"","format":"standard","meta":[],"categories":[2],"tags":[30,35,127,297,424,617,1018],"_links":{"self":[{"href":"https:\/\/blogs.elcorreo.com\/dominguez\/wp-json\/wp\/v2\/posts\/1624"}],"collection":[{"href":"https:\/\/blogs.elcorreo.com\/dominguez\/wp-json\/wp\/v2\/posts"}],"about":[{"href":"https:\/\/blogs.elcorreo.com\/dominguez\/wp-json\/wp\/v2\/types\/post"}],"author":[{"embeddable":true,"href":"https:\/\/blogs.elcorreo.com\/dominguez\/wp-json\/wp\/v2\/users\/17436"}],"replies":[{"embeddable":true,"href":"https:\/\/blogs.elcorreo.com\/dominguez\/wp-json\/wp\/v2\/comments?post=1624"}],"version-history":[{"count":0,"href":"https:\/\/blogs.elcorreo.com\/dominguez\/wp-json\/wp\/v2\/posts\/1624\/revisions"}],"wp:attachment":[{"href":"https:\/\/blogs.elcorreo.com\/dominguez\/wp-json\/wp\/v2\/media?parent=1624"}],"wp:term":[{"taxonomy":"category","embeddable":true,"href":"https:\/\/blogs.elcorreo.com\/dominguez\/wp-json\/wp\/v2\/categories?post=1624"},{"taxonomy":"post_tag","embeddable":true,"href":"https:\/\/blogs.elcorreo.com\/dominguez\/wp-json\/wp\/v2\/tags?post=1624"}],"curies":[{"name":"wp","href":"https:\/\/api.w.org\/{rel}","templated":true}]}}