{"id":979,"date":"2011-02-24T20:04:00","date_gmt":"2011-02-24T20:04:00","guid":{"rendered":"http:\/\/blogs.elcorreo.com\/divergencias\/?p=978"},"modified":"2011-02-24T20:04:00","modified_gmt":"2011-02-24T20:04:00","slug":"angel-illarramendi-candidato-los-premios-la-musica","status":"publish","type":"post","link":"https:\/\/blogs.elcorreo.com\/divergencias\/2011\/02\/24\/angel-illarramendi-candidato-los-premios-la-musica\/","title":{"rendered":"\u00c1ngel Illarramendi, candidato a los Premios de la M\u00fasica"},"content":{"rendered":"<p><IMG src=\"\/divergencias\/files\/CF06N6O1.JPG\" id=\"img_0\" class=\"imgizqda\" width=\"342\" height=\"505\"> En la lista de los <A href=\"http:\/\/www.premiosdelamusica.com\/dyn\/finalistas\/index.php?id_seccion=4&#038;id_edicion=25&#038;id_categoria=16#cat_16\" title=\"http:\/\/www.premiosdelamusica.com\/dyn\/finalistas\/index.php?id_seccion=4&#038;id_edicion=25&#038;id_categoria=16#cat_16\" id=\"link_0\">finalistas<\/a>  de la XV edici\u00f3n de los Premios de la M\u00fasica hay presencia vasca en el apartado de cl\u00e1sica: se trata de <A href=\"http:\/\/www.illarramendi.com\/\" title=\"http:\/\/www.illarramendi.com\/\" id=\"link_1\">\u00c1ngel Illarramendi<\/a>,  por su Sinfon\u00eda N\u00ba 3. El compositor guipuzcoano, que es conocido sobre todo por sus bandas sonoras para pel\u00edculas espa\u00f1olas y latinoamericanas, tiene un interesante cat\u00e1logo cl\u00e1sico que poco a poco empieza a ver la luz en el mercado discogr\u00e1fico. Hace un tiempo, apareci\u00f3 su Sinfon\u00eda N\u00ba 7 y a finales del pasado a\u00f1o sali\u00f3 la N\u00ba 3, que le ha valido esta candidatura. <\/p>\n<p>Illarramendi es un compositor de sonido cl\u00e1sico e intenso lirismo y en sus sinfon\u00edas suele usar la voz. Lo entrevist\u00e9 hace unos a\u00f1os en su casa y hablamos durante horas de m\u00fasica, de cine y de la vida en general. Encontr\u00e9 un m\u00fasico enamorado de su trabajo, con las ideas muy claras y abierto al mundo. Me march\u00e9 con la impresi\u00f3n de que hab\u00eda tropezado con un artista honrado que pone todo su talento en cuanto hace y que no se ha dejado llevar por la tentaci\u00f3n de lo comercial. <\/p>\n<p>Tiempo despu\u00e9s volv\u00ed a <A href=\"http:\/\/www.elcorreo.com\/alava\/20080504\/sociedad\/entiendo-quienes-piensan-contemporaneos-20080504.html\" title=\"http:\/\/www.elcorreo.com\/alava\/20080504\/sociedad\/entiendo-quienes-piensan-contemporaneos-20080504.html\" id=\"link_2\">entrevistarlo<\/a>, esta vez con motivo de la publicaci\u00f3n discogr\u00e1fica de su Sinfon\u00eda N\u00ba 7. Estoy seguro de que esta candidatura le habr\u00e1 hecho feliz. Y espero que se lleve el premio.<\/p>\n<p><em>(La fotograf\u00eda es de Fernando G\u00f3mez)<\/em><\/p>\n<!-- AddThis Advanced Settings generic via filter on the_content --><!-- AddThis Share Buttons generic via filter on the_content -->","protected":false},"excerpt":{"rendered":"<p>En la lista de los finalistas de la XV edici\u00f3n de los Premios de la M\u00fasica hay presencia vasca en el apartado de cl\u00e1sica: se trata de \u00c1ngel Illarramendi, por su Sinfon\u00eda N\u00ba 3. El compositor guipuzcoano, que es conocido sobre todo por sus bandas sonoras para pel\u00edculas espa\u00f1olas y latinoamericanas, tiene un interesante cat\u00e1logo [&hellip;]<!-- AddThis Advanced Settings generic via filter on get_the_excerpt --><!-- AddThis Share Buttons generic via filter on get_the_excerpt --><\/p>\n","protected":false},"author":6,"featured_media":0,"comment_status":"open","ping_status":"closed","sticky":false,"template":"","format":"standard","meta":[],"categories":[7],"tags":[],"_links":{"self":[{"href":"https:\/\/blogs.elcorreo.com\/divergencias\/wp-json\/wp\/v2\/posts\/979"}],"collection":[{"href":"https:\/\/blogs.elcorreo.com\/divergencias\/wp-json\/wp\/v2\/posts"}],"about":[{"href":"https:\/\/blogs.elcorreo.com\/divergencias\/wp-json\/wp\/v2\/types\/post"}],"author":[{"embeddable":true,"href":"https:\/\/blogs.elcorreo.com\/divergencias\/wp-json\/wp\/v2\/users\/6"}],"replies":[{"embeddable":true,"href":"https:\/\/blogs.elcorreo.com\/divergencias\/wp-json\/wp\/v2\/comments?post=979"}],"version-history":[{"count":0,"href":"https:\/\/blogs.elcorreo.com\/divergencias\/wp-json\/wp\/v2\/posts\/979\/revisions"}],"wp:attachment":[{"href":"https:\/\/blogs.elcorreo.com\/divergencias\/wp-json\/wp\/v2\/media?parent=979"}],"wp:term":[{"taxonomy":"category","embeddable":true,"href":"https:\/\/blogs.elcorreo.com\/divergencias\/wp-json\/wp\/v2\/categories?post=979"},{"taxonomy":"post_tag","embeddable":true,"href":"https:\/\/blogs.elcorreo.com\/divergencias\/wp-json\/wp\/v2\/tags?post=979"}],"curies":[{"name":"wp","href":"https:\/\/api.w.org\/{rel}","templated":true}]}}