{"id":978,"date":"2011-02-23T20:18:00","date_gmt":"2011-02-23T20:18:00","guid":{"rendered":"http:\/\/blogs.elcorreo.com\/divergencias\/?p=977"},"modified":"2011-02-23T20:18:00","modified_gmt":"2011-02-23T20:18:00","slug":"para-enterarse-del-23-f-mas-alla-lo-superficial","status":"publish","type":"post","link":"https:\/\/blogs.elcorreo.com\/divergencias\/2011\/02\/23\/para-enterarse-del-23-f-mas-alla-lo-superficial\/","title":{"rendered":"Para enterarse del 23-F m\u00e1s all\u00e1 de lo superficial"},"content":{"rendered":"<p><IMG src=\"\/divergencias\/files\/23-f.jpg\" id=\"img_0\" class=\"imgcen\"><br \/>\nYa s\u00e9 que todos ustedes est\u00e1n un poco saturados de 23-F. Tambi\u00e9n a m\u00ed me pasa. Sin embargo, que estemos saturados no significa que conozcamos bien los hechos. Y se trata de un tema crucial en la historia de Espa\u00f1a. Quienes hemos cumplido ya unos a\u00f1itos tenemos nuestros propios recuerdos de ese d\u00eda, de lo que pas\u00f3 en nuestro entorno: aquel profesor que desapareci\u00f3 de la Facultad un mes porque ten\u00eda miedo de que fueran a por \u00e9l, el pol\u00edtico que se busc\u00f3 un barquito para salir a toda m\u00e1quina, el colega que escondi\u00f3 en un lugar bastante inveros\u00edmil sus libros de Marx, Lenin y Mao&#8230; <\/p>\n<p>Pero eso no es relevante cuando llegan estas efem\u00e9rides. Por eso, creo que, puestos a tratar de entender lo que sucedi\u00f3, hay que acudir a documentos de gran inter\u00e9s. Yo me voy a permitir recomendarles dos libros que a mi juicio son muy buenos: el <A href=\"http:\/\/www.ideal.es\/granada\/20090429\/cultura\/visto-arrepentimiento-quienes-propiciaron-20090429.html\" title=\"http:\/\/www.ideal.es\/granada\/20090429\/cultura\/visto-arrepentimiento-quienes-propiciaron-20090429.html\" id=\"link_0\">primero<\/a>, para conocer los hechos: <em>Anatom\u00eda de un instante<\/em>, de Javier Cercas. El segundo, para conocer el acto final del golpe, el juicio a los golpistas: <em>T\u00e9cnica de un golpe de Estado<\/em>, la recopilaci\u00f3n de las cr\u00f3nicas del proceso que escribi\u00f3 Jos\u00e9 Luis Mart\u00edn Prieto.<\/p>\n<p>\u00bfCu\u00e1les son sus recomendaciones?<\/p>\n<!-- AddThis Advanced Settings generic via filter on the_content --><!-- AddThis Share Buttons generic via filter on the_content -->","protected":false},"excerpt":{"rendered":"<p>Ya s\u00e9 que todos ustedes est\u00e1n un poco saturados de 23-F. Tambi\u00e9n a m\u00ed me pasa. Sin embargo, que estemos saturados no significa que conozcamos bien los hechos. Y se trata de un tema crucial en la historia de Espa\u00f1a. Quienes hemos cumplido ya unos a\u00f1itos tenemos nuestros propios recuerdos de ese d\u00eda, de lo [&hellip;]<!-- AddThis Advanced Settings generic via filter on get_the_excerpt --><!-- AddThis Share Buttons generic via filter on get_the_excerpt --><\/p>\n","protected":false},"author":6,"featured_media":0,"comment_status":"open","ping_status":"closed","sticky":false,"template":"","format":"standard","meta":[],"categories":[5],"tags":[],"_links":{"self":[{"href":"https:\/\/blogs.elcorreo.com\/divergencias\/wp-json\/wp\/v2\/posts\/978"}],"collection":[{"href":"https:\/\/blogs.elcorreo.com\/divergencias\/wp-json\/wp\/v2\/posts"}],"about":[{"href":"https:\/\/blogs.elcorreo.com\/divergencias\/wp-json\/wp\/v2\/types\/post"}],"author":[{"embeddable":true,"href":"https:\/\/blogs.elcorreo.com\/divergencias\/wp-json\/wp\/v2\/users\/6"}],"replies":[{"embeddable":true,"href":"https:\/\/blogs.elcorreo.com\/divergencias\/wp-json\/wp\/v2\/comments?post=978"}],"version-history":[{"count":0,"href":"https:\/\/blogs.elcorreo.com\/divergencias\/wp-json\/wp\/v2\/posts\/978\/revisions"}],"wp:attachment":[{"href":"https:\/\/blogs.elcorreo.com\/divergencias\/wp-json\/wp\/v2\/media?parent=978"}],"wp:term":[{"taxonomy":"category","embeddable":true,"href":"https:\/\/blogs.elcorreo.com\/divergencias\/wp-json\/wp\/v2\/categories?post=978"},{"taxonomy":"post_tag","embeddable":true,"href":"https:\/\/blogs.elcorreo.com\/divergencias\/wp-json\/wp\/v2\/tags?post=978"}],"curies":[{"name":"wp","href":"https:\/\/api.w.org\/{rel}","templated":true}]}}