{"id":972,"date":"2011-02-15T20:57:00","date_gmt":"2011-02-15T20:57:00","guid":{"rendered":"http:\/\/blogs.elcorreo.com\/divergencias\/?p=971"},"modified":"2011-02-15T20:57:00","modified_gmt":"2011-02-15T20:57:00","slug":"grammy-premios-americanos-preferentemente","status":"publish","type":"post","link":"https:\/\/blogs.elcorreo.com\/divergencias\/2011\/02\/15\/grammy-premios-americanos-preferentemente\/","title":{"rendered":"Grammy: premios para americanos (preferentemente)"},"content":{"rendered":"<p>El apartado de m\u00fasica cl\u00e1sica de los <A href=\"http:\/\/www.grammy.com\/nominees\" title=\"http:\/\/www.grammy.com\/nominees\" id=\"link_0\">premios Grammy<\/a>  (lo tiene, aunque se habla poco del mismo) deja siempre algunos datos interesantes. Veamos los de este a\u00f1o:<\/p>\n<p>Si se suprimen las categor\u00edas de <em>productor del a\u00f1o<\/em> porque todos los candidatos lo son a partir de un elevado n\u00famero de trabajos y la de <em>crossover<\/em>, quedan diez premios. De estos, dos (<em>\u00e1lbum cl\u00e1sico<\/em> y <em>mejor interpretaci\u00f3n coral<\/em>) se los ha llevado el <em>Requiem<\/em> de Verdi, en interpretaci\u00f3n de Riccardo Muti con la Sinf\u00f3nica de Chicago y su coro. Otros dos (<em>mejor interpretaci\u00f3n orquestal<\/em> y <em>obra contempor\u00e1nea<\/em>), el disco con la obra <em>Sinfon\u00eda Metr\u00f3polis<\/em>, de Daugherty, a cargo de la Sinf\u00f3nica de Nashville. El premio al <em>mejor \u00e1lbum de \u00f3pera<\/em> ha sido para &#8216;L&#8217;amour de loin&#8217; de Saariaho, en versi\u00f3n de Kent Nagano. El premio para la <em>mejor grabaci\u00f3n de un solista con orquesta<\/em> es para la pianista Mitsuko Uchida, con la Orquesta de Cleveland, interpretando dos conciertos de Mozart. <em>Mejor solista sin orquesta<\/em>: el organista Paul Jacobs, con una obra de Messiaen. <em>C\u00e1mara<\/em>: la grabaci\u00f3n de una pieza de Ligeti a cargo del Parker Quartet. <\/p>\n<p>\u00bfPor qu\u00e9 les hago esta enumeraci\u00f3n? Porque los ochos \u00e1lbumes citados cuentan con presencia estadounidense: lo es la orquesta (Chicago, Nashville, Cleveland), el director (Nagano), el int\u00e9rprete (Jacobs, el cuarteto Parker) o el compositor (Daugherty). Solo dos discos premiados: el de Jordi Savall (<em>Dinast\u00eda Borja<\/em>) y el de Cecilia Bartoli (<em>Sacrificium<\/em>) no cuentan con presencia estadounidense. \u00bfTendr\u00e1 algo que ver que los premios se conceden en EE UU?<\/p>\n<!-- AddThis Advanced Settings generic via filter on the_content --><!-- AddThis Share Buttons generic via filter on the_content -->","protected":false},"excerpt":{"rendered":"<p>El apartado de m\u00fasica cl\u00e1sica de los premios Grammy (lo tiene, aunque se habla poco del mismo) deja siempre algunos datos interesantes. Veamos los de este a\u00f1o: Si se suprimen las categor\u00edas de productor del a\u00f1o porque todos los candidatos lo son a partir de un elevado n\u00famero de trabajos y la de crossover, quedan [&hellip;]<!-- AddThis Advanced Settings generic via filter on get_the_excerpt --><!-- AddThis Share Buttons generic via filter on get_the_excerpt --><\/p>\n","protected":false},"author":6,"featured_media":0,"comment_status":"open","ping_status":"closed","sticky":false,"template":"","format":"standard","meta":[],"categories":[7],"tags":[],"_links":{"self":[{"href":"https:\/\/blogs.elcorreo.com\/divergencias\/wp-json\/wp\/v2\/posts\/972"}],"collection":[{"href":"https:\/\/blogs.elcorreo.com\/divergencias\/wp-json\/wp\/v2\/posts"}],"about":[{"href":"https:\/\/blogs.elcorreo.com\/divergencias\/wp-json\/wp\/v2\/types\/post"}],"author":[{"embeddable":true,"href":"https:\/\/blogs.elcorreo.com\/divergencias\/wp-json\/wp\/v2\/users\/6"}],"replies":[{"embeddable":true,"href":"https:\/\/blogs.elcorreo.com\/divergencias\/wp-json\/wp\/v2\/comments?post=972"}],"version-history":[{"count":0,"href":"https:\/\/blogs.elcorreo.com\/divergencias\/wp-json\/wp\/v2\/posts\/972\/revisions"}],"wp:attachment":[{"href":"https:\/\/blogs.elcorreo.com\/divergencias\/wp-json\/wp\/v2\/media?parent=972"}],"wp:term":[{"taxonomy":"category","embeddable":true,"href":"https:\/\/blogs.elcorreo.com\/divergencias\/wp-json\/wp\/v2\/categories?post=972"},{"taxonomy":"post_tag","embeddable":true,"href":"https:\/\/blogs.elcorreo.com\/divergencias\/wp-json\/wp\/v2\/tags?post=972"}],"curies":[{"name":"wp","href":"https:\/\/api.w.org\/{rel}","templated":true}]}}