{"id":970,"date":"2011-02-12T18:00:00","date_gmt":"2011-02-12T18:00:00","guid":{"rendered":"http:\/\/blogs.elcorreo.com\/divergencias\/?p=969"},"modified":"2011-02-12T18:00:00","modified_gmt":"2011-02-12T18:00:00","slug":"para-san-valentin-canciones-desamor","status":"publish","type":"post","link":"https:\/\/blogs.elcorreo.com\/divergencias\/2011\/02\/12\/para-san-valentin-canciones-desamor\/","title":{"rendered":"Para San Valent\u00edn, canciones de desamor"},"content":{"rendered":"<p>Ya est\u00e1 aqu\u00ed San Valent\u00edn. Comparto todo lo que ustedes puedan decir sobre una fiesta puramente comercial, la importancia de que el amor se demuestre cada d\u00eda, cada momento, y no solo en una fecha, lo empalagoso de la cuesti\u00f3n, etc. Pero cualquier disculpa es buena para hablar de las creaciones derivadas del amor, o su socio indisoluble, el fin del amor o el desamor, como quieran. Y aqu\u00ed va la pregunta: \u00bfcu\u00e1l es su canci\u00f3n de desamor favorita? La lista es interminable, por supuesto. Yo les dejo esta: <em>Et maintenant<\/em>, de <A href=\"http:\/\/es.wikipedia.org\/wiki\/Gilbert_B%C3%A9caud\" title=\"http:\/\/es.wikipedia.org\/wiki\/Gilbert_B%C3%A9caud\" id=\"link_1\">Gilbert B\u00e9caud<\/a>. Hay una <A href=\"http:\/\/www2.uol.com.br\/cante\/lyrics\/Gilbert_Becaud_-_Et_maintenant.htm\" title=\"http:\/\/www2.uol.com.br\/cante\/lyrics\/Gilbert_Becaud_-_Et_maintenant.htm\" id=\"link_0\">frase<\/a>  que dice el amante abandonado que tiene su punto: \u201cMe has dejado la Tierra entera, s\u00ed, pero la Tierra sin ti es peque\u00f1a\u201d.<\/p>\n<p>Si no nos vemos antes, feliz d\u00eda de San Valent\u00edn.<\/p>\n<p><object style=\"border: 0pt none ; margin: 0pt; background: transparent none repeat scroll 0% 0%; -moz-background-clip: -moz-initial; -moz-background-origin: -moz-initial; -moz-background-inline-policy: -moz-initial;\" width=\"480\" height=\"390\"><param  name=\"movie\" value=\"http:\/\/www.youtube.com\/v\/TW6QiI7hHGA?fs=1&#038;hl=es_ES\"><\/param><param  name=\"allowFullScreen\" value=\"true\"><\/param><param  name=\"allowscriptaccess\" value=\"always\"><\/param><embed  src=\"\/\/www.youtube.com\/v\/TW6QiI7hHGA?fs=1&#038;hl=es_ES\" type=\"application\/x-shockwave-flash\" allowscriptaccess=\"always\" allowfullscreen=\"true\" width=\"480\" height=\"390\"><\/embed><\/object><\/p>\n<!-- AddThis Advanced Settings generic via filter on the_content --><!-- AddThis Share Buttons generic via filter on the_content -->","protected":false},"excerpt":{"rendered":"<p>Ya est\u00e1 aqu\u00ed San Valent\u00edn. Comparto todo lo que ustedes puedan decir sobre una fiesta puramente comercial, la importancia de que el amor se demuestre cada d\u00eda, cada momento, y no solo en una fecha, lo empalagoso de la cuesti\u00f3n, etc. Pero cualquier disculpa es buena para hablar de las creaciones derivadas del amor, o [&hellip;]<!-- AddThis Advanced Settings generic via filter on get_the_excerpt --><!-- AddThis Share Buttons generic via filter on get_the_excerpt --><\/p>\n","protected":false},"author":6,"featured_media":0,"comment_status":"open","ping_status":"closed","sticky":false,"template":"","format":"standard","meta":[],"categories":[7],"tags":[250],"_links":{"self":[{"href":"https:\/\/blogs.elcorreo.com\/divergencias\/wp-json\/wp\/v2\/posts\/970"}],"collection":[{"href":"https:\/\/blogs.elcorreo.com\/divergencias\/wp-json\/wp\/v2\/posts"}],"about":[{"href":"https:\/\/blogs.elcorreo.com\/divergencias\/wp-json\/wp\/v2\/types\/post"}],"author":[{"embeddable":true,"href":"https:\/\/blogs.elcorreo.com\/divergencias\/wp-json\/wp\/v2\/users\/6"}],"replies":[{"embeddable":true,"href":"https:\/\/blogs.elcorreo.com\/divergencias\/wp-json\/wp\/v2\/comments?post=970"}],"version-history":[{"count":0,"href":"https:\/\/blogs.elcorreo.com\/divergencias\/wp-json\/wp\/v2\/posts\/970\/revisions"}],"wp:attachment":[{"href":"https:\/\/blogs.elcorreo.com\/divergencias\/wp-json\/wp\/v2\/media?parent=970"}],"wp:term":[{"taxonomy":"category","embeddable":true,"href":"https:\/\/blogs.elcorreo.com\/divergencias\/wp-json\/wp\/v2\/categories?post=970"},{"taxonomy":"post_tag","embeddable":true,"href":"https:\/\/blogs.elcorreo.com\/divergencias\/wp-json\/wp\/v2\/tags?post=970"}],"curies":[{"name":"wp","href":"https:\/\/api.w.org\/{rel}","templated":true}]}}